{"id":19055,"date":"2026-09-02T07:00:00","date_gmt":"2026-09-02T05:00:00","guid":{"rendered":"https:\/\/www.correggiohockey.it\/?p=19055"},"modified":"2026-08-14T20:09:41","modified_gmt":"2026-08-14T18:09:41","slug":"linizio-della-preparazione-e-le-attese-per-il-futuro-il-punto-di-pablo-jara","status":"publish","type":"post","link":"https:\/\/www.correggiohockey.it\/?p=19055","title":{"rendered":"L&#8217;inizio della preparazione e le attese per il futuro: il punto di Pablo Jara"},"content":{"rendered":"\n<p><span style=\"background-color: #ffffff;\"><strong>CORREGGIO (Reggio Emilia)<\/strong> &#8211; La BDL Mini Motor Correggio si \u00e8 ritrovata lo scorso 31 agosto per iniziare la preparazione al campionato e alla Coppa Italia di Serie A2 di hockey pista. Alla guida del quintetto reggiani c\u2019\u00e8 Pablo Jara, che ha condotto le prime sedute di lavoro della compagine biancoblu in vista dei primi test stagionali.<span class=\"Apple-converted-space\">&nbsp;<\/span><\/span><\/p>\n<p><span style=\"background-color: #ffffff;\"><strong>Jara, come stanno andando i primi allenamenti?<\/strong><\/span><br><span style=\"background-color: #ffffff;\">\u201cI ragazzi sono carichi, vogliosi e determinati. Avevano voglia di cominciare. Si sta creando un bell\u2019ambiente e i nuovi si stanno inserendo nel modo corretto. Il mese di settembre si sa che \u00e8 intenso dal punto di vista dei carichi a livello di preparazione: cercheremo di alternare sedute tecniche e tattiche, senza dimenticare i doverosi momenti di riposo\u201d.<\/span><\/p>\n<p><span style=\"background-color: #ffffff;\"><strong>Che idea si \u00e8 fatto della sua squadra?<\/strong><\/span><br><span style=\"background-color: #ffffff;\">\u201cI giocatori che abbiamo scelto sono, a mio parere tecnicamente forti. Secondo me abbiamo le carte in regola per divertirci quest\u2019anno\u201d.<\/span><\/p>\n<p><span style=\"background-color: #ffffff;\"><strong>Sono quattro le amichevoli in programma, dove affronterete anche squadre di A1, pi\u00f9 un torneo. Si parte l\u20198 settembre.<\/strong><\/span><br><span style=\"background-color: #ffffff;\">\u201cVogliamo giocare partite che possano essere formative, fin da subito. Inizieremo contro il Pico Mirandola, club di Serie B che ha allestito una squadra che pu\u00f2 competere per il ritorno in A2. Il Montebello \u00e8 una nostra parigrado, probabilmente \u00e8 tra le migliori formazioni del lotto e anche quello sar\u00e0 un test che ci dar\u00e0 molte informazioni. Con Trissino e Lodi saranno due match interessanti e allo stesso tempo stimolanti. Ci tengo a ringraziare le societ\u00e0 e i tecnici delle compagini che affronteremo, con i quali ho un ottimo rapporto e questo ci ha aiutato nel costruire il nostro calendario\u201d.<\/span><\/p>\n<p><span style=\"background-color: #ffffff;\"><strong>Che aiuto possono fornire le amichevoli?<\/strong><\/span><br><span style=\"background-color: #ffffff;\">\u201cLa nostra squadra sar\u00e0 di buon livello e gli allenamenti dovranno avere una buona intensit\u00e0. Questi test ci serviranno per capire gli errori della nostra squadra, le cose che non vanno e correggerle. Sar\u00e0 anche un modo per conoscere ancora meglio i ragazzi e le loro caratteristiche tecniche e caratteriali\u201d.<\/span><\/p>\n<p><span style=\"background-color: #ffffff;\"><strong>Che stagione si aspetta?<\/strong><span class=\"Apple-converted-space\"><strong>&nbsp;<\/strong><br><\/span>\u201cE\u2019 il primo step di un progetto triennale che, ci auguriamo, possa darci soddisfazioni. Partendo dalla Coppa Italia (esordio il 26 settembre in casa contro l\u2019Amatori Vercelli, ndr), \u00e8 chiaro che vogliamo far bene fin da subito perch\u00e9 avere riscontri positivi fin dall\u2019inizio aiuta in tutto, a partire dal lavoro quotidiano. Io sono una persona che vuole vincere tutte le partite e non prender\u00f2 mai sottogamba una sfida, neanche in allenamento. Vogliamo portare a casa il miglior risultato possibile: non sar\u00e0 facile perch\u00e9 hai un solo posto per centrare la qualificazione alle semifinali e il margine d\u2019errore \u00e8 davvero ridotto\u201d.<\/span><\/p>\n<p><span style=\"background-color: #ffffff;\"><strong>In campionato invece?<\/strong><\/span><br><span style=\"background-color: #ffffff;\">\u201cL\u2019obiettivo sarebbe quello di qualificarsi ai playoff\u201d.<\/span><\/p>\n<p><span style=\"background-color: #ffffff;\"><strong>Come sar\u00e0 la squadra di Pablo Jara?<\/strong><\/span><br><span style=\"background-color: #ffffff;\">\u201cDeve giocare un hockey piacevole per noi e per chi ci segue. Mi piacerebbe vedere una squadra che tolga la palla all\u2019avversario, abbia possessi lunghi ed esalti le qualit\u00e0 tecniche dei propri giocatori. Dall\u2019inizio cercher\u00f2 di inserire la mentalit\u00e0 di non fare falli, cercare di evitare i cartellini blu e non regalare punizioni. Una squadra che gioca con intensit\u00e0 ma in modo pulito\u201d.<\/span><\/p>\n<p><span style=\"background-color: #ffffff;\"><strong>Che formazioni l\u2019hanno colpita nel girone B di Serie A2?<\/strong><\/span><br><span style=\"background-color: #ffffff;\">\u201cHo l\u2019impressione che, sulla carta, non ci sia una squadra materasso quindi tutte le partite, dalla Coppa Italia al Campionato, dovremo affrontarle con la massima concentrazione e cercando di limitare gli errori. Camaiore e Forte dei Marmi sono squadre interessanti, anche in virt\u00f9 dell\u2019ottimo lavoro che hanno fatto vedere l\u2019anno scorso. I derby con il Roller Scandiano e la Rotellistica Scandianese saranno sfide belle e da seguire\u201d.<\/span><\/p>\n","protected":false},"excerpt":{"rendered":"<p>CORREGGIO (Reggio Emilia) &#8211; La BDL Mini Motor Correggio si \u00e8 ritrovata lo scorso 31 agosto per iniziare la preparazione al campionato e alla Coppa Italia di Serie A2 di hockey pista. Alla guida del quintetto reggiani c\u2019\u00e8 Pablo Jara, che ha condotto le prime sedute di lavoro della compagine biancoblu in vista dei primi [&hellip;]<\/p>\n","protected":false},"author":1,"featured_media":19053,"comment_status":"open","ping_status":"open","sticky":false,"template":"","format":"standard","meta":{"ngg_post_thumbnail":0,"footnotes":""},"categories":[34],"tags":[422,65,598,597,352,377,146,596],"class_list":["post-19055","post","type-post","status-publish","format-standard","has-post-thumbnail","hentry","category-news","tag-bdl-minimotor-correggio","tag-campionato","tag-campionato-serie-a2","tag-coppa-italia-2026-2027","tag-correggio-hockey","tag-hockey-su-pista","tag-serie-a2","tag-serie-a2-2026-2027"],"yoast_head":"<!-- This site is optimized with the Yoast SEO plugin v25.7 - https:\/\/yoast.com\/wordpress\/plugins\/seo\/ -->\n<title>L&#039;inizio della preparazione e le attese per il futuro: il punto di Pablo Jara - Correggio Hockey A.S.D.<\/title>\n<meta name=\"robots\" content=\"index, follow, max-snippet:-1, max-image-preview:large, max-video-preview:-1\" \/>\n<link rel=\"canonical\" href=\"https:\/\/www.correggiohockey.it\/?p=19055\" \/>\n<meta property=\"og:locale\" content=\"it_IT\" \/>\n<meta property=\"og:type\" content=\"article\" \/>\n<meta property=\"og:title\" content=\"L&#039;inizio della preparazione e le attese per il futuro: il punto di Pablo Jara - Correggio Hockey A.S.D.\" \/>\n<meta property=\"og:description\" content=\"CORREGGIO (Reggio Emilia) &#8211; La BDL Mini Motor Correggio si \u00e8 ritrovata lo scorso 31 agosto per iniziare la preparazione al campionato e alla Coppa Italia di Serie A2 di hockey pista. Alla guida del quintetto reggiani c\u2019\u00e8 Pablo Jara, che ha condotto le prime sedute di lavoro della compagine biancoblu in vista dei primi [&hellip;]\" \/>\n<meta property=\"og:url\" content=\"https:\/\/www.correggiohockey.it\/?p=19055\" \/>\n<meta property=\"og:site_name\" content=\"Correggio Hockey A.S.D.\" \/>\n<meta property=\"article:published_time\" content=\"2026-09-02T05:00:00+00:00\" \/>\n<meta property=\"og:image\" content=\"https:\/\/www.correggiohockey.it\/wp-content\/uploads\/2026\/08\/Pablo-Jara-Senior.jpeg\" \/>\n\t<meta property=\"og:image:width\" content=\"1582\" \/>\n\t<meta property=\"og:image:height\" content=\"1239\" \/>\n\t<meta property=\"og:image:type\" content=\"image\/jpeg\" \/>\n<meta name=\"author\" content=\"Redazione\" \/>\n<meta name=\"twitter:card\" content=\"summary_large_image\" \/>\n<meta name=\"twitter:label1\" content=\"Scritto da\" \/>\n\t<meta name=\"twitter:data1\" content=\"Redazione\" \/>\n\t<meta name=\"twitter:label2\" content=\"Tempo di lettura stimato\" \/>\n\t<meta name=\"twitter:data2\" content=\"4 minuti\" \/>\n<script type=\"application\/ld+json\" class=\"yoast-schema-graph\">{\"@context\":\"https:\/\/schema.org\",\"@graph\":[{\"@type\":\"WebPage\",\"@id\":\"https:\/\/www.correggiohockey.it\/?p=19055\",\"url\":\"https:\/\/www.correggiohockey.it\/?p=19055\",\"name\":\"L'inizio della preparazione e le attese per il futuro: il punto di Pablo Jara - Correggio Hockey A.S.D.\",\"isPartOf\":{\"@id\":\"https:\/\/www.correggiohockey.it\/#website\"},\"primaryImageOfPage\":{\"@id\":\"https:\/\/www.correggiohockey.it\/?p=19055#primaryimage\"},\"image\":{\"@id\":\"https:\/\/www.correggiohockey.it\/?p=19055#primaryimage\"},\"thumbnailUrl\":\"https:\/\/www.correggiohockey.it\/wp-content\/uploads\/2026\/08\/Pablo-Jara-Senior.jpeg\",\"datePublished\":\"2026-09-02T05:00:00+00:00\",\"author\":{\"@id\":\"https:\/\/www.correggiohockey.it\/#\/schema\/person\/a61f8605569e91b5a5214a71447a381c\"},\"breadcrumb\":{\"@id\":\"https:\/\/www.correggiohockey.it\/?p=19055#breadcrumb\"},\"inLanguage\":\"it-IT\",\"potentialAction\":[{\"@type\":\"ReadAction\",\"target\":[\"https:\/\/www.correggiohockey.it\/?p=19055\"]}]},{\"@type\":\"ImageObject\",\"inLanguage\":\"it-IT\",\"@id\":\"https:\/\/www.correggiohockey.it\/?p=19055#primaryimage\",\"url\":\"https:\/\/www.correggiohockey.it\/wp-content\/uploads\/2026\/08\/Pablo-Jara-Senior.jpeg\",\"contentUrl\":\"https:\/\/www.correggiohockey.it\/wp-content\/uploads\/2026\/08\/Pablo-Jara-Senior.jpeg\",\"width\":1582,\"height\":1239},{\"@type\":\"BreadcrumbList\",\"@id\":\"https:\/\/www.correggiohockey.it\/?p=19055#breadcrumb\",\"itemListElement\":[{\"@type\":\"ListItem\",\"position\":1,\"name\":\"Home\",\"item\":\"https:\/\/www.correggiohockey.it\/\"},{\"@type\":\"ListItem\",\"position\":2,\"name\":\"L&#8217;inizio della preparazione e le attese per il futuro: il punto di Pablo Jara\"}]},{\"@type\":\"WebSite\",\"@id\":\"https:\/\/www.correggiohockey.it\/#website\",\"url\":\"https:\/\/www.correggiohockey.it\/\",\"name\":\"Correggio Hockey A.S.D.\",\"description\":\"Orgoglio emiliano, in pista dal 1997\",\"potentialAction\":[{\"@type\":\"SearchAction\",\"target\":{\"@type\":\"EntryPoint\",\"urlTemplate\":\"https:\/\/www.correggiohockey.it\/?s={search_term_string}\"},\"query-input\":{\"@type\":\"PropertyValueSpecification\",\"valueRequired\":true,\"valueName\":\"search_term_string\"}}],\"inLanguage\":\"it-IT\"},{\"@type\":\"Person\",\"@id\":\"https:\/\/www.correggiohockey.it\/#\/schema\/person\/a61f8605569e91b5a5214a71447a381c\",\"name\":\"Redazione\",\"image\":{\"@type\":\"ImageObject\",\"inLanguage\":\"it-IT\",\"@id\":\"https:\/\/www.correggiohockey.it\/#\/schema\/person\/image\/\",\"url\":\"https:\/\/secure.gravatar.com\/avatar\/3b006105bc2195f91ca1b7cbc4c2f96835141f5fa92720ece501fb7f052ed868?s=96&d=mm&r=g\",\"contentUrl\":\"https:\/\/secure.gravatar.com\/avatar\/3b006105bc2195f91ca1b7cbc4c2f96835141f5fa92720ece501fb7f052ed868?s=96&d=mm&r=g\",\"caption\":\"Redazione\"},\"url\":\"https:\/\/www.correggiohockey.it\/?author=1\"}]}<\/script>\n<!-- \/ Yoast SEO plugin. -->","yoast_head_json":{"title":"L'inizio della preparazione e le attese per il futuro: il punto di Pablo Jara - Correggio Hockey A.S.D.","robots":{"index":"index","follow":"follow","max-snippet":"max-snippet:-1","max-image-preview":"max-image-preview:large","max-video-preview":"max-video-preview:-1"},"canonical":"https:\/\/www.correggiohockey.it\/?p=19055","og_locale":"it_IT","og_type":"article","og_title":"L'inizio della preparazione e le attese per il futuro: il punto di Pablo Jara - Correggio Hockey A.S.D.","og_description":"CORREGGIO (Reggio Emilia) &#8211; La BDL Mini Motor Correggio si \u00e8 ritrovata lo scorso 31 agosto per iniziare la preparazione al campionato e alla Coppa Italia di Serie A2 di hockey pista. Alla guida del quintetto reggiani c\u2019\u00e8 Pablo Jara, che ha condotto le prime sedute di lavoro della compagine biancoblu in vista dei primi [&hellip;]","og_url":"https:\/\/www.correggiohockey.it\/?p=19055","og_site_name":"Correggio Hockey A.S.D.","article_published_time":"2026-09-02T05:00:00+00:00","og_image":[{"width":1582,"height":1239,"url":"https:\/\/www.correggiohockey.it\/wp-content\/uploads\/2026\/08\/Pablo-Jara-Senior.jpeg","type":"image\/jpeg"}],"author":"Redazione","twitter_card":"summary_large_image","twitter_misc":{"Scritto da":"Redazione","Tempo di lettura stimato":"4 minuti"},"schema":{"@context":"https:\/\/schema.org","@graph":[{"@type":"WebPage","@id":"https:\/\/www.correggiohockey.it\/?p=19055","url":"https:\/\/www.correggiohockey.it\/?p=19055","name":"L'inizio della preparazione e le attese per il futuro: il punto di Pablo Jara - Correggio Hockey A.S.D.","isPartOf":{"@id":"https:\/\/www.correggiohockey.it\/#website"},"primaryImageOfPage":{"@id":"https:\/\/www.correggiohockey.it\/?p=19055#primaryimage"},"image":{"@id":"https:\/\/www.correggiohockey.it\/?p=19055#primaryimage"},"thumbnailUrl":"https:\/\/www.correggiohockey.it\/wp-content\/uploads\/2026\/08\/Pablo-Jara-Senior.jpeg","datePublished":"2026-09-02T05:00:00+00:00","author":{"@id":"https:\/\/www.correggiohockey.it\/#\/schema\/person\/a61f8605569e91b5a5214a71447a381c"},"breadcrumb":{"@id":"https:\/\/www.correggiohockey.it\/?p=19055#breadcrumb"},"inLanguage":"it-IT","potentialAction":[{"@type":"ReadAction","target":["https:\/\/www.correggiohockey.it\/?p=19055"]}]},{"@type":"ImageObject","inLanguage":"it-IT","@id":"https:\/\/www.correggiohockey.it\/?p=19055#primaryimage","url":"https:\/\/www.correggiohockey.it\/wp-content\/uploads\/2026\/08\/Pablo-Jara-Senior.jpeg","contentUrl":"https:\/\/www.correggiohockey.it\/wp-content\/uploads\/2026\/08\/Pablo-Jara-Senior.jpeg","width":1582,"height":1239},{"@type":"BreadcrumbList","@id":"https:\/\/www.correggiohockey.it\/?p=19055#breadcrumb","itemListElement":[{"@type":"ListItem","position":1,"name":"Home","item":"https:\/\/www.correggiohockey.it\/"},{"@type":"ListItem","position":2,"name":"L&#8217;inizio della preparazione e le attese per il futuro: il punto di Pablo Jara"}]},{"@type":"WebSite","@id":"https:\/\/www.correggiohockey.it\/#website","url":"https:\/\/www.correggiohockey.it\/","name":"Correggio Hockey A.S.D.","description":"Orgoglio emiliano, in pista dal 1997","potentialAction":[{"@type":"SearchAction","target":{"@type":"EntryPoint","urlTemplate":"https:\/\/www.correggiohockey.it\/?s={search_term_string}"},"query-input":{"@type":"PropertyValueSpecification","valueRequired":true,"valueName":"search_term_string"}}],"inLanguage":"it-IT"},{"@type":"Person","@id":"https:\/\/www.correggiohockey.it\/#\/schema\/person\/a61f8605569e91b5a5214a71447a381c","name":"Redazione","image":{"@type":"ImageObject","inLanguage":"it-IT","@id":"https:\/\/www.correggiohockey.it\/#\/schema\/person\/image\/","url":"https:\/\/secure.gravatar.com\/avatar\/3b006105bc2195f91ca1b7cbc4c2f96835141f5fa92720ece501fb7f052ed868?s=96&d=mm&r=g","contentUrl":"https:\/\/secure.gravatar.com\/avatar\/3b006105bc2195f91ca1b7cbc4c2f96835141f5fa92720ece501fb7f052ed868?s=96&d=mm&r=g","caption":"Redazione"},"url":"https:\/\/www.correggiohockey.it\/?author=1"}]}},"_links":{"self":[{"href":"https:\/\/www.correggiohockey.it\/index.php?rest_route=\/wp\/v2\/posts\/19055","targetHints":{"allow":["GET"]}}],"collection":[{"href":"https:\/\/www.correggiohockey.it\/index.php?rest_route=\/wp\/v2\/posts"}],"about":[{"href":"https:\/\/www.correggiohockey.it\/index.php?rest_route=\/wp\/v2\/types\/post"}],"author":[{"embeddable":true,"href":"https:\/\/www.correggiohockey.it\/index.php?rest_route=\/wp\/v2\/users\/1"}],"replies":[{"embeddable":true,"href":"https:\/\/www.correggiohockey.it\/index.php?rest_route=%2Fwp%2Fv2%2Fcomments&post=19055"}],"version-history":[{"count":1,"href":"https:\/\/www.correggiohockey.it\/index.php?rest_route=\/wp\/v2\/posts\/19055\/revisions"}],"predecessor-version":[{"id":19056,"href":"https:\/\/www.correggiohockey.it\/index.php?rest_route=\/wp\/v2\/posts\/19055\/revisions\/19056"}],"wp:attachment":[{"href":"https:\/\/www.correggiohockey.it\/index.php?rest_route=%2Fwp%2Fv2%2Fmedia&parent=19055"}],"wp:term":[{"taxonomy":"category","embeddable":true,"href":"https:\/\/www.correggiohockey.it\/index.php?rest_route=%2Fwp%2Fv2%2Fcategories&post=19055"},{"taxonomy":"post_tag","embeddable":true,"href":"https:\/\/www.correggiohockey.it\/index.php?rest_route=%2Fwp%2Fv2%2Ftags&post=19055"}],"curies":[{"name":"wp","href":"https:\/\/api.w.org\/{rel}","templated":true}]}}