{"id":18728,"date":"2026-03-14T08:30:53","date_gmt":"2026-03-14T07:30:53","guid":{"rendered":"https:\/\/www.correggiohockey.it\/?p=18728"},"modified":"2026-03-14T08:41:12","modified_gmt":"2026-03-14T07:41:12","slug":"serie-a2-dopo-la-pausa-torna-la-bdl-mini-motor-sfida-al-montebello","status":"publish","type":"post","link":"https:\/\/www.correggiohockey.it\/?p=18728","title":{"rendered":"Serie A2, dopo la pausa torna il campionato: trasferta a Montebello per la BDL Mini Motor"},"content":{"rendered":"CORREGGIO (Reggio Emilia) &#8211; Dopo la pausa legata alle finali di Coppa Italia di Hockey Pista, riprende il campionato di Serie A2. La BDL Mini Motor Correggio affronter\u00e0 domani sera, alle 18, il Montebello nella partita valida per il 15\u00ba turno del girone A. L\u2019incontro si giocher\u00e0 al Palasport di Montebello e sar\u00e0 trasmesso in diretta sul canale YouTube \u201cSkate Italia-Hockey Pista\u201d. Inizia qui l\u2019ultima fase della stagione regolare, che non vedr\u00e0 pause fino alla conclusione dei playoff. Una partita che vale molto per la squadra correggese guidata da Ramon Pardo: fondamentale ritornare alla vittoria (una sola conquistata nelle ultime sei gare) e riavvicinarsi alla vetta del girone per guadagnare il miglior piazzamento possibile in vista degli spareggi promozione.<br \/><br \/>Per i biancoblu si apre il periodo finale con cinque avversarie venete su altrettanti incontri da disputare: dopo il Montebello, Correggio affronter\u00e0 Montecchio Precalcino, Roller Bassano, la capolista Thiene e il Trissino. Ramon Pardo potr\u00e0 contare su tutti gli effettivi a disposizione: Sebastiano Severi e Luca Potenza tra i pali, pi\u00f9 gli esterni Edoardo Righi, Diego Casari, Alessio Caroli, Manuele Pedroni, Mauro Menendez, Matteo Holban, Santiago Sala e Riccardo Gabbi. Il Montebello \u00e8 attualmente ultimo in classifica a quota 7 punti ed \u00e8 desideroso di rialzare la china e abbandonare quella posizione in classifica. L\u2019ultima vittoria risale al 29 gennaio con il Roller Bassano (6-4, poi quattro stop). Nelle fila dei biancorossi, retrocessi lo scorso anno dal campionato di Serie A1, militano due ex correggio: Gabriel Tudela ed Ernest Cinquini, autori rispettivamente di 9 e 3 gol. Sono 30 i sigilli realizzati dal club veneto in questa stagione (nono attacco del girone A) e 64 quelli subiti (seconda peggior difesa).<br \/><br \/>\u201cDopo gli ultimi risultati, la squadra \u00e8 consapevole del fatto che ci restano 5 partite, che sono 5 finali, per poter puntare a giocare i playoff &#8211; ha detto Ramon Pardo, tecnico della formazione correggese &#8211; Sappiamo che gli ultimi risultati non sono stati buoni: abbiamo fatto 3 pareggi, di cui 2 dopo essere stati in vantaggio 3 a 0 e subito la rimonta negli ultimi minuti. Abbiamo lavorato molto su questo aspetto: saper gestire le situazioni quando si \u00e8 in vantaggio e, dopo aver preso il primo gol, accettarlo e proseguire con la stessa dinamica dell\u2019inizio. Su questo abbiamo lavorato nelle ultime due settimane e andiamo ad affrontare il Montebello con grande voglia e molta motivazione. Sappiamo che non sar\u00e0 una partita facile: il Montebello \u00e8 ultimo in classifica ma questo, credo, lo renda ancora pi\u00f9 pericoloso del normale. Loro stanno lottando per non retrocedere e, a questo punto della stagione, \u00e8 pericoloso giocare contro queste compagini. Affronteremo la sfida con grande concentrazione, sapendo che sar\u00e0 una partita difficile ma che abbiamo tutte le armi per portarci a casa i tre punti, che \u00e8 quello che vogliamo\u201d.","protected":false},"excerpt":{"rendered":"<p>CORREGGIO (Reggio Emilia) &#8211; Dopo la pausa legata alle finali di Coppa Italia di Hockey Pista, riprende il campionato di Serie A2. La BDL Mini Motor Correggio affronter\u00e0 domani sera, alle 18, il Montebello nella partita valida per il 15\u00ba turno del girone A. L\u2019incontro si giocher\u00e0 al Palasport di Montebello e sar\u00e0 trasmesso in [&hellip;]<\/p>\n","protected":false},"author":1,"featured_media":18746,"comment_status":"open","ping_status":"open","sticky":false,"template":"","format":"standard","meta":{"ngg_post_thumbnail":0,"footnotes":""},"categories":[34],"tags":[65,352,377,380,146],"class_list":["post-18728","post","type-post","status-publish","format-standard","has-post-thumbnail","hentry","category-news","tag-campionato","tag-correggio-hockey","tag-hockey-su-pista","tag-montebello-hockey","tag-serie-a2"],"yoast_head":"<!-- This site is optimized with the Yoast SEO plugin v25.7 - https:\/\/yoast.com\/wordpress\/plugins\/seo\/ -->\n<title>Serie A2, dopo la pausa torna il campionato: trasferta a Montebello per la BDL Mini Motor - Correggio Hockey A.S.D.<\/title>\n<meta name=\"robots\" content=\"index, follow, max-snippet:-1, max-image-preview:large, max-video-preview:-1\" \/>\n<link rel=\"canonical\" href=\"https:\/\/www.correggiohockey.it\/?p=18728\" \/>\n<meta property=\"og:locale\" content=\"it_IT\" \/>\n<meta property=\"og:type\" content=\"article\" \/>\n<meta property=\"og:title\" content=\"Serie A2, dopo la pausa torna il campionato: trasferta a Montebello per la BDL Mini Motor - Correggio Hockey A.S.D.\" \/>\n<meta property=\"og:description\" content=\"CORREGGIO (Reggio Emilia) &#8211; Dopo la pausa legata alle finali di Coppa Italia di Hockey Pista, riprende il campionato di Serie A2. La BDL Mini Motor Correggio affronter\u00e0 domani sera, alle 18, il Montebello nella partita valida per il 15\u00ba turno del girone A. L\u2019incontro si giocher\u00e0 al Palasport di Montebello e sar\u00e0 trasmesso in [&hellip;]\" \/>\n<meta property=\"og:url\" content=\"https:\/\/www.correggiohockey.it\/?p=18728\" \/>\n<meta property=\"og:site_name\" content=\"Correggio Hockey A.S.D.\" \/>\n<meta property=\"article:published_time\" content=\"2026-03-14T07:30:53+00:00\" \/>\n<meta property=\"article:modified_time\" content=\"2026-03-14T07:41:12+00:00\" \/>\n<meta property=\"og:image\" content=\"https:\/\/www.correggiohockey.it\/wp-content\/uploads\/2026\/03\/Mauro-Menendez.jpg\" \/>\n\t<meta property=\"og:image:width\" content=\"2000\" \/>\n\t<meta property=\"og:image:height\" content=\"1333\" \/>\n\t<meta property=\"og:image:type\" content=\"image\/jpeg\" \/>\n<meta name=\"author\" content=\"Redazione\" \/>\n<meta name=\"twitter:card\" content=\"summary_large_image\" \/>\n<meta name=\"twitter:label1\" content=\"Scritto da\" \/>\n\t<meta name=\"twitter:data1\" content=\"Redazione\" \/>\n\t<meta name=\"twitter:label2\" content=\"Tempo di lettura stimato\" \/>\n\t<meta name=\"twitter:data2\" content=\"3 minuti\" \/>\n<script type=\"application\/ld+json\" class=\"yoast-schema-graph\">{\"@context\":\"https:\/\/schema.org\",\"@graph\":[{\"@type\":\"WebPage\",\"@id\":\"https:\/\/www.correggiohockey.it\/?p=18728\",\"url\":\"https:\/\/www.correggiohockey.it\/?p=18728\",\"name\":\"Serie A2, dopo la pausa torna il campionato: trasferta a Montebello per la BDL Mini Motor - Correggio Hockey A.S.D.\",\"isPartOf\":{\"@id\":\"https:\/\/www.correggiohockey.it\/#website\"},\"primaryImageOfPage\":{\"@id\":\"https:\/\/www.correggiohockey.it\/?p=18728#primaryimage\"},\"image\":{\"@id\":\"https:\/\/www.correggiohockey.it\/?p=18728#primaryimage\"},\"thumbnailUrl\":\"https:\/\/www.correggiohockey.it\/wp-content\/uploads\/2026\/03\/Mauro-Menendez.jpg\",\"datePublished\":\"2026-03-14T07:30:53+00:00\",\"dateModified\":\"2026-03-14T07:41:12+00:00\",\"author\":{\"@id\":\"https:\/\/www.correggiohockey.it\/#\/schema\/person\/a61f8605569e91b5a5214a71447a381c\"},\"breadcrumb\":{\"@id\":\"https:\/\/www.correggiohockey.it\/?p=18728#breadcrumb\"},\"inLanguage\":\"it-IT\",\"potentialAction\":[{\"@type\":\"ReadAction\",\"target\":[\"https:\/\/www.correggiohockey.it\/?p=18728\"]}]},{\"@type\":\"ImageObject\",\"inLanguage\":\"it-IT\",\"@id\":\"https:\/\/www.correggiohockey.it\/?p=18728#primaryimage\",\"url\":\"https:\/\/www.correggiohockey.it\/wp-content\/uploads\/2026\/03\/Mauro-Menendez.jpg\",\"contentUrl\":\"https:\/\/www.correggiohockey.it\/wp-content\/uploads\/2026\/03\/Mauro-Menendez.jpg\",\"width\":2000,\"height\":1333},{\"@type\":\"BreadcrumbList\",\"@id\":\"https:\/\/www.correggiohockey.it\/?p=18728#breadcrumb\",\"itemListElement\":[{\"@type\":\"ListItem\",\"position\":1,\"name\":\"Home\",\"item\":\"https:\/\/www.correggiohockey.it\/\"},{\"@type\":\"ListItem\",\"position\":2,\"name\":\"Serie A2, dopo la pausa torna il campionato: trasferta a Montebello per la BDL Mini Motor\"}]},{\"@type\":\"WebSite\",\"@id\":\"https:\/\/www.correggiohockey.it\/#website\",\"url\":\"https:\/\/www.correggiohockey.it\/\",\"name\":\"Correggio Hockey A.S.D.\",\"description\":\"Orgoglio emiliano, in pista dal 1997\",\"potentialAction\":[{\"@type\":\"SearchAction\",\"target\":{\"@type\":\"EntryPoint\",\"urlTemplate\":\"https:\/\/www.correggiohockey.it\/?s={search_term_string}\"},\"query-input\":{\"@type\":\"PropertyValueSpecification\",\"valueRequired\":true,\"valueName\":\"search_term_string\"}}],\"inLanguage\":\"it-IT\"},{\"@type\":\"Person\",\"@id\":\"https:\/\/www.correggiohockey.it\/#\/schema\/person\/a61f8605569e91b5a5214a71447a381c\",\"name\":\"Redazione\",\"image\":{\"@type\":\"ImageObject\",\"inLanguage\":\"it-IT\",\"@id\":\"https:\/\/www.correggiohockey.it\/#\/schema\/person\/image\/\",\"url\":\"https:\/\/secure.gravatar.com\/avatar\/3b006105bc2195f91ca1b7cbc4c2f96835141f5fa92720ece501fb7f052ed868?s=96&d=mm&r=g\",\"contentUrl\":\"https:\/\/secure.gravatar.com\/avatar\/3b006105bc2195f91ca1b7cbc4c2f96835141f5fa92720ece501fb7f052ed868?s=96&d=mm&r=g\",\"caption\":\"Redazione\"},\"url\":\"https:\/\/www.correggiohockey.it\/?author=1\"}]}<\/script>\n<!-- \/ Yoast SEO plugin. -->","yoast_head_json":{"title":"Serie A2, dopo la pausa torna il campionato: trasferta a Montebello per la BDL Mini Motor - Correggio Hockey A.S.D.","robots":{"index":"index","follow":"follow","max-snippet":"max-snippet:-1","max-image-preview":"max-image-preview:large","max-video-preview":"max-video-preview:-1"},"canonical":"https:\/\/www.correggiohockey.it\/?p=18728","og_locale":"it_IT","og_type":"article","og_title":"Serie A2, dopo la pausa torna il campionato: trasferta a Montebello per la BDL Mini Motor - Correggio Hockey A.S.D.","og_description":"CORREGGIO (Reggio Emilia) &#8211; Dopo la pausa legata alle finali di Coppa Italia di Hockey Pista, riprende il campionato di Serie A2. La BDL Mini Motor Correggio affronter\u00e0 domani sera, alle 18, il Montebello nella partita valida per il 15\u00ba turno del girone A. L\u2019incontro si giocher\u00e0 al Palasport di Montebello e sar\u00e0 trasmesso in [&hellip;]","og_url":"https:\/\/www.correggiohockey.it\/?p=18728","og_site_name":"Correggio Hockey A.S.D.","article_published_time":"2026-03-14T07:30:53+00:00","article_modified_time":"2026-03-14T07:41:12+00:00","og_image":[{"width":2000,"height":1333,"url":"https:\/\/www.correggiohockey.it\/wp-content\/uploads\/2026\/03\/Mauro-Menendez.jpg","type":"image\/jpeg"}],"author":"Redazione","twitter_card":"summary_large_image","twitter_misc":{"Scritto da":"Redazione","Tempo di lettura stimato":"3 minuti"},"schema":{"@context":"https:\/\/schema.org","@graph":[{"@type":"WebPage","@id":"https:\/\/www.correggiohockey.it\/?p=18728","url":"https:\/\/www.correggiohockey.it\/?p=18728","name":"Serie A2, dopo la pausa torna il campionato: trasferta a Montebello per la BDL Mini Motor - Correggio Hockey A.S.D.","isPartOf":{"@id":"https:\/\/www.correggiohockey.it\/#website"},"primaryImageOfPage":{"@id":"https:\/\/www.correggiohockey.it\/?p=18728#primaryimage"},"image":{"@id":"https:\/\/www.correggiohockey.it\/?p=18728#primaryimage"},"thumbnailUrl":"https:\/\/www.correggiohockey.it\/wp-content\/uploads\/2026\/03\/Mauro-Menendez.jpg","datePublished":"2026-03-14T07:30:53+00:00","dateModified":"2026-03-14T07:41:12+00:00","author":{"@id":"https:\/\/www.correggiohockey.it\/#\/schema\/person\/a61f8605569e91b5a5214a71447a381c"},"breadcrumb":{"@id":"https:\/\/www.correggiohockey.it\/?p=18728#breadcrumb"},"inLanguage":"it-IT","potentialAction":[{"@type":"ReadAction","target":["https:\/\/www.correggiohockey.it\/?p=18728"]}]},{"@type":"ImageObject","inLanguage":"it-IT","@id":"https:\/\/www.correggiohockey.it\/?p=18728#primaryimage","url":"https:\/\/www.correggiohockey.it\/wp-content\/uploads\/2026\/03\/Mauro-Menendez.jpg","contentUrl":"https:\/\/www.correggiohockey.it\/wp-content\/uploads\/2026\/03\/Mauro-Menendez.jpg","width":2000,"height":1333},{"@type":"BreadcrumbList","@id":"https:\/\/www.correggiohockey.it\/?p=18728#breadcrumb","itemListElement":[{"@type":"ListItem","position":1,"name":"Home","item":"https:\/\/www.correggiohockey.it\/"},{"@type":"ListItem","position":2,"name":"Serie A2, dopo la pausa torna il campionato: trasferta a Montebello per la BDL Mini Motor"}]},{"@type":"WebSite","@id":"https:\/\/www.correggiohockey.it\/#website","url":"https:\/\/www.correggiohockey.it\/","name":"Correggio Hockey A.S.D.","description":"Orgoglio emiliano, in pista dal 1997","potentialAction":[{"@type":"SearchAction","target":{"@type":"EntryPoint","urlTemplate":"https:\/\/www.correggiohockey.it\/?s={search_term_string}"},"query-input":{"@type":"PropertyValueSpecification","valueRequired":true,"valueName":"search_term_string"}}],"inLanguage":"it-IT"},{"@type":"Person","@id":"https:\/\/www.correggiohockey.it\/#\/schema\/person\/a61f8605569e91b5a5214a71447a381c","name":"Redazione","image":{"@type":"ImageObject","inLanguage":"it-IT","@id":"https:\/\/www.correggiohockey.it\/#\/schema\/person\/image\/","url":"https:\/\/secure.gravatar.com\/avatar\/3b006105bc2195f91ca1b7cbc4c2f96835141f5fa92720ece501fb7f052ed868?s=96&d=mm&r=g","contentUrl":"https:\/\/secure.gravatar.com\/avatar\/3b006105bc2195f91ca1b7cbc4c2f96835141f5fa92720ece501fb7f052ed868?s=96&d=mm&r=g","caption":"Redazione"},"url":"https:\/\/www.correggiohockey.it\/?author=1"}]}},"_links":{"self":[{"href":"https:\/\/www.correggiohockey.it\/index.php?rest_route=\/wp\/v2\/posts\/18728","targetHints":{"allow":["GET"]}}],"collection":[{"href":"https:\/\/www.correggiohockey.it\/index.php?rest_route=\/wp\/v2\/posts"}],"about":[{"href":"https:\/\/www.correggiohockey.it\/index.php?rest_route=\/wp\/v2\/types\/post"}],"author":[{"embeddable":true,"href":"https:\/\/www.correggiohockey.it\/index.php?rest_route=\/wp\/v2\/users\/1"}],"replies":[{"embeddable":true,"href":"https:\/\/www.correggiohockey.it\/index.php?rest_route=%2Fwp%2Fv2%2Fcomments&post=18728"}],"version-history":[{"count":2,"href":"https:\/\/www.correggiohockey.it\/index.php?rest_route=\/wp\/v2\/posts\/18728\/revisions"}],"predecessor-version":[{"id":18747,"href":"https:\/\/www.correggiohockey.it\/index.php?rest_route=\/wp\/v2\/posts\/18728\/revisions\/18747"}],"wp:featuredmedia":[{"embeddable":true,"href":"https:\/\/www.correggiohockey.it\/index.php?rest_route=\/wp\/v2\/media\/18746"}],"wp:attachment":[{"href":"https:\/\/www.correggiohockey.it\/index.php?rest_route=%2Fwp%2Fv2%2Fmedia&parent=18728"}],"wp:term":[{"taxonomy":"category","embeddable":true,"href":"https:\/\/www.correggiohockey.it\/index.php?rest_route=%2Fwp%2Fv2%2Fcategories&post=18728"},{"taxonomy":"post_tag","embeddable":true,"href":"https:\/\/www.correggiohockey.it\/index.php?rest_route=%2Fwp%2Fv2%2Ftags&post=18728"}],"curies":[{"name":"wp","href":"https:\/\/api.w.org\/{rel}","templated":true}]}}