{"id":18557,"date":"2026-01-09T16:20:09","date_gmt":"2026-01-09T15:20:09","guid":{"rendered":"https:\/\/www.correggiohockey.it\/?p=18557"},"modified":"2026-01-09T16:20:12","modified_gmt":"2026-01-09T15:20:12","slug":"serie-a2-la-bdl-mini-motor-nella-tana-del-montecchio-precalcino","status":"publish","type":"post","link":"https:\/\/www.correggiohockey.it\/?p=18557","title":{"rendered":"Serie A2: la BDL Mini Motor nella tana del Montecchio Precalcino"},"content":{"rendered":"\n<p>CORREGGIO (Reggio Emilia) &#8211; Sfida al Montecchio Precalcino per mantenere la vetta della classifica. La BDL Mini Motor Correggio si prepara alla partita di domani sera, sabato 10 gennaio, valida per la sesta giornata del girone A di Serie A2: l\u2019incontro si giocher\u00e0 al PalaVaccari di Montecchio Precalcino (Vicenza), con fischio d\u2019inizio alle 20.45. Il match sar\u00e0 trasmesso in diretta sul canale \u201cSkate Italia-Hockey Pista\u201d, l\u2019arbitro sar\u00e0 il signor Massimo Nucifero. Non sar\u00e0 semplice per Ramon Pardo e i suoi giocatori, che dovranno affrontare una squadra tosta che in casa ha sempre ottenuto il bottino pieno.<span class=\"Apple-converted-space\">&nbsp;<\/span><\/p>\n<p>Correggio vuole mantenere la vetta solitaria conquistata nell\u2019ultima giornata contro il Montebello: i biancoblu guidano con 12 punti, a una lunghezza di vantaggio sul Seregno (11) e due sul Thiene (10). Con la partita di domani si apre un vero e proprio tour de force per i reggiani: dopo il Montecchio Precalcino, la BDL Mini Motor affronter\u00e0 Roller Bassano, Thiene e Trissino, che si trovano nelle prime cinque posizioni della classifica e sar\u00e0 fondamentale mantenere il passo in vista sia del girone di ritorno che della possibilit\u00e0 di giocare al pala &#8220;Dorando Pietri&#8221; la semifinale di Coppa Italia di A2 (sar\u00e0 decisivo concludere davanti al Thiene in graduatoria per giocare la sfida unica tra le mura amiche, in caso contrario l&#8217;incontro si disputer\u00e0 in Veneto).<\/p>\n<p>Attenzione al Montecchio Precalcino, squadra decisamente insidiosa al PalaVaccari: su sei punti centrati dai biancoverdi, tutti sono arrivati in terra veneta grazie ai successi contro Thiene (4-2) e Roller Recoaro (2-0). In trasferta sono arrivate tre sconfitte in altrettante gare (Roller Bassano, Trissino e, l\u2019ultima, contro il Seregno). Ramon Pardo sta cercando di recuperare il portiere Filippo Dimone anche se non \u00e8 ancora al 100%: nel caso non sia disponibile, al suo posto verr\u00e0 convocato il giovane Sebastiano Severi come nell&#8217;ultima sfida. Ci sar\u00e0 Manuele Pedroni, che ha avuto un piccolo problema alla coscia nel match Montebello. Saranno della partita anche il portiere Luca Potenza, gli esterni Edoardo Righi, Alessio Caroli, Diego Casari, Matteo Holban, Mauro Menendez (nella foto scattata da Giuseppe Ferraro insieme a Manuele Pedroni), Santiago Sala e Riccardo Gabbi.<span class=\"Apple-converted-space\">&nbsp;<\/span><\/p>\n<p>\u201cLa partita contro il Montecchio sar\u00e0 molto complicata &#8211; ha dichiarato Ramon Pardo, tecnico della BDL Mini Motor Correggio &#8211; Sappiamo quanto sia difficile andare a giocare al PalaVaccari. \u00c8 una squadra rocciosa, fisica, a cui piace il contatto, con un gioco aggressivo che rende la fase offensiva sempre molto complicata. Sappiamo anche che \u00e8 una formazione che ama correre molto in contropiede, che cerca costantemente le transizioni e ti porta a vivere la partita in una situazione di stress continuo, non sempre facile da gestire\u201d. \u201cHanno inserito due giocatori di qualit\u00e0, con esperienza in A1, come Adri\u00e0 Catal\u00e0 e Stefano Dal Santo<span class=\"Apple-converted-space\">&nbsp; <\/span>che sicuramente daranno loro maggiore esperienza, tranquillit\u00e0 e una migliore gestione dei momenti della partita. Detto questo, noi abbiamo grande fiducia nel nostro lavoro. Abbiamo preparato molto bene la partita e sappiamo cosa dobbiamo fare. Andiamo a Montecchio per cercare i tre punti e per lottare fino alla fine per portarli a casa\u201d.<\/p>\n","protected":false},"excerpt":{"rendered":"<p>CORREGGIO (Reggio Emilia) &#8211; Sfida al Montecchio Precalcino per mantenere la vetta della classifica. La BDL Mini Motor Correggio si prepara alla partita di domani sera, sabato 10 gennaio, valida per la sesta giornata del girone A di Serie A2: l\u2019incontro si giocher\u00e0 al PalaVaccari di Montecchio Precalcino (Vicenza), con fischio d\u2019inizio alle 20.45. Il [&hellip;]<\/p>\n","protected":false},"author":1,"featured_media":18558,"comment_status":"open","ping_status":"open","sticky":false,"template":"","format":"standard","meta":{"ngg_post_thumbnail":0,"footnotes":""},"categories":[34],"tags":[422,65,352,377,360],"class_list":["post-18557","post","type-post","status-publish","format-standard","has-post-thumbnail","hentry","category-news","tag-bdl-minimotor-correggio","tag-campionato","tag-correggio-hockey","tag-hockey-su-pista","tag-montecchio-precalcino"],"yoast_head":"<!-- This site is optimized with the Yoast SEO plugin v25.7 - https:\/\/yoast.com\/wordpress\/plugins\/seo\/ -->\n<title>Serie A2: la BDL Mini Motor nella tana del Montecchio Precalcino - Correggio Hockey A.S.D.<\/title>\n<meta name=\"robots\" content=\"index, follow, max-snippet:-1, max-image-preview:large, max-video-preview:-1\" \/>\n<link rel=\"canonical\" href=\"https:\/\/www.correggiohockey.it\/?p=18557\" \/>\n<meta property=\"og:locale\" content=\"it_IT\" \/>\n<meta property=\"og:type\" content=\"article\" \/>\n<meta property=\"og:title\" content=\"Serie A2: la BDL Mini Motor nella tana del Montecchio Precalcino - Correggio Hockey A.S.D.\" \/>\n<meta property=\"og:description\" content=\"CORREGGIO (Reggio Emilia) &#8211; Sfida al Montecchio Precalcino per mantenere la vetta della classifica. La BDL Mini Motor Correggio si prepara alla partita di domani sera, sabato 10 gennaio, valida per la sesta giornata del girone A di Serie A2: l\u2019incontro si giocher\u00e0 al PalaVaccari di Montecchio Precalcino (Vicenza), con fischio d\u2019inizio alle 20.45. Il [&hellip;]\" \/>\n<meta property=\"og:url\" content=\"https:\/\/www.correggiohockey.it\/?p=18557\" \/>\n<meta property=\"og:site_name\" content=\"Correggio Hockey A.S.D.\" \/>\n<meta property=\"article:published_time\" content=\"2026-01-09T15:20:09+00:00\" \/>\n<meta property=\"article:modified_time\" content=\"2026-01-09T15:20:12+00:00\" \/>\n<meta property=\"og:image\" content=\"https:\/\/www.correggiohockey.it\/wp-content\/uploads\/2026\/01\/Mauro-Menendez.jpg\" \/>\n\t<meta property=\"og:image:width\" content=\"1920\" \/>\n\t<meta property=\"og:image:height\" content=\"1280\" \/>\n\t<meta property=\"og:image:type\" content=\"image\/jpeg\" \/>\n<meta name=\"author\" content=\"Redazione\" \/>\n<meta name=\"twitter:card\" content=\"summary_large_image\" \/>\n<meta name=\"twitter:label1\" content=\"Scritto da\" \/>\n\t<meta name=\"twitter:data1\" content=\"Redazione\" \/>\n\t<meta name=\"twitter:label2\" content=\"Tempo di lettura stimato\" \/>\n\t<meta name=\"twitter:data2\" content=\"3 minuti\" \/>\n<script type=\"application\/ld+json\" class=\"yoast-schema-graph\">{\"@context\":\"https:\/\/schema.org\",\"@graph\":[{\"@type\":\"WebPage\",\"@id\":\"https:\/\/www.correggiohockey.it\/?p=18557\",\"url\":\"https:\/\/www.correggiohockey.it\/?p=18557\",\"name\":\"Serie A2: la BDL Mini Motor nella tana del Montecchio Precalcino - Correggio Hockey A.S.D.\",\"isPartOf\":{\"@id\":\"https:\/\/www.correggiohockey.it\/#website\"},\"primaryImageOfPage\":{\"@id\":\"https:\/\/www.correggiohockey.it\/?p=18557#primaryimage\"},\"image\":{\"@id\":\"https:\/\/www.correggiohockey.it\/?p=18557#primaryimage\"},\"thumbnailUrl\":\"https:\/\/www.correggiohockey.it\/wp-content\/uploads\/2026\/01\/Mauro-Menendez.jpg\",\"datePublished\":\"2026-01-09T15:20:09+00:00\",\"dateModified\":\"2026-01-09T15:20:12+00:00\",\"author\":{\"@id\":\"https:\/\/www.correggiohockey.it\/#\/schema\/person\/a61f8605569e91b5a5214a71447a381c\"},\"breadcrumb\":{\"@id\":\"https:\/\/www.correggiohockey.it\/?p=18557#breadcrumb\"},\"inLanguage\":\"it-IT\",\"potentialAction\":[{\"@type\":\"ReadAction\",\"target\":[\"https:\/\/www.correggiohockey.it\/?p=18557\"]}]},{\"@type\":\"ImageObject\",\"inLanguage\":\"it-IT\",\"@id\":\"https:\/\/www.correggiohockey.it\/?p=18557#primaryimage\",\"url\":\"https:\/\/www.correggiohockey.it\/wp-content\/uploads\/2026\/01\/Mauro-Menendez.jpg\",\"contentUrl\":\"https:\/\/www.correggiohockey.it\/wp-content\/uploads\/2026\/01\/Mauro-Menendez.jpg\",\"width\":1920,\"height\":1280},{\"@type\":\"BreadcrumbList\",\"@id\":\"https:\/\/www.correggiohockey.it\/?p=18557#breadcrumb\",\"itemListElement\":[{\"@type\":\"ListItem\",\"position\":1,\"name\":\"Home\",\"item\":\"https:\/\/www.correggiohockey.it\/\"},{\"@type\":\"ListItem\",\"position\":2,\"name\":\"Serie A2: la BDL Mini Motor nella tana del Montecchio Precalcino\"}]},{\"@type\":\"WebSite\",\"@id\":\"https:\/\/www.correggiohockey.it\/#website\",\"url\":\"https:\/\/www.correggiohockey.it\/\",\"name\":\"Correggio Hockey A.S.D.\",\"description\":\"Orgoglio emiliano, in pista dal 1997\",\"potentialAction\":[{\"@type\":\"SearchAction\",\"target\":{\"@type\":\"EntryPoint\",\"urlTemplate\":\"https:\/\/www.correggiohockey.it\/?s={search_term_string}\"},\"query-input\":{\"@type\":\"PropertyValueSpecification\",\"valueRequired\":true,\"valueName\":\"search_term_string\"}}],\"inLanguage\":\"it-IT\"},{\"@type\":\"Person\",\"@id\":\"https:\/\/www.correggiohockey.it\/#\/schema\/person\/a61f8605569e91b5a5214a71447a381c\",\"name\":\"Redazione\",\"image\":{\"@type\":\"ImageObject\",\"inLanguage\":\"it-IT\",\"@id\":\"https:\/\/www.correggiohockey.it\/#\/schema\/person\/image\/\",\"url\":\"https:\/\/secure.gravatar.com\/avatar\/3b006105bc2195f91ca1b7cbc4c2f96835141f5fa92720ece501fb7f052ed868?s=96&d=mm&r=g\",\"contentUrl\":\"https:\/\/secure.gravatar.com\/avatar\/3b006105bc2195f91ca1b7cbc4c2f96835141f5fa92720ece501fb7f052ed868?s=96&d=mm&r=g\",\"caption\":\"Redazione\"},\"url\":\"https:\/\/www.correggiohockey.it\/?author=1\"}]}<\/script>\n<!-- \/ Yoast SEO plugin. -->","yoast_head_json":{"title":"Serie A2: la BDL Mini Motor nella tana del Montecchio Precalcino - Correggio Hockey A.S.D.","robots":{"index":"index","follow":"follow","max-snippet":"max-snippet:-1","max-image-preview":"max-image-preview:large","max-video-preview":"max-video-preview:-1"},"canonical":"https:\/\/www.correggiohockey.it\/?p=18557","og_locale":"it_IT","og_type":"article","og_title":"Serie A2: la BDL Mini Motor nella tana del Montecchio Precalcino - Correggio Hockey A.S.D.","og_description":"CORREGGIO (Reggio Emilia) &#8211; Sfida al Montecchio Precalcino per mantenere la vetta della classifica. La BDL Mini Motor Correggio si prepara alla partita di domani sera, sabato 10 gennaio, valida per la sesta giornata del girone A di Serie A2: l\u2019incontro si giocher\u00e0 al PalaVaccari di Montecchio Precalcino (Vicenza), con fischio d\u2019inizio alle 20.45. Il [&hellip;]","og_url":"https:\/\/www.correggiohockey.it\/?p=18557","og_site_name":"Correggio Hockey A.S.D.","article_published_time":"2026-01-09T15:20:09+00:00","article_modified_time":"2026-01-09T15:20:12+00:00","og_image":[{"width":1920,"height":1280,"url":"https:\/\/www.correggiohockey.it\/wp-content\/uploads\/2026\/01\/Mauro-Menendez.jpg","type":"image\/jpeg"}],"author":"Redazione","twitter_card":"summary_large_image","twitter_misc":{"Scritto da":"Redazione","Tempo di lettura stimato":"3 minuti"},"schema":{"@context":"https:\/\/schema.org","@graph":[{"@type":"WebPage","@id":"https:\/\/www.correggiohockey.it\/?p=18557","url":"https:\/\/www.correggiohockey.it\/?p=18557","name":"Serie A2: la BDL Mini Motor nella tana del Montecchio Precalcino - Correggio Hockey A.S.D.","isPartOf":{"@id":"https:\/\/www.correggiohockey.it\/#website"},"primaryImageOfPage":{"@id":"https:\/\/www.correggiohockey.it\/?p=18557#primaryimage"},"image":{"@id":"https:\/\/www.correggiohockey.it\/?p=18557#primaryimage"},"thumbnailUrl":"https:\/\/www.correggiohockey.it\/wp-content\/uploads\/2026\/01\/Mauro-Menendez.jpg","datePublished":"2026-01-09T15:20:09+00:00","dateModified":"2026-01-09T15:20:12+00:00","author":{"@id":"https:\/\/www.correggiohockey.it\/#\/schema\/person\/a61f8605569e91b5a5214a71447a381c"},"breadcrumb":{"@id":"https:\/\/www.correggiohockey.it\/?p=18557#breadcrumb"},"inLanguage":"it-IT","potentialAction":[{"@type":"ReadAction","target":["https:\/\/www.correggiohockey.it\/?p=18557"]}]},{"@type":"ImageObject","inLanguage":"it-IT","@id":"https:\/\/www.correggiohockey.it\/?p=18557#primaryimage","url":"https:\/\/www.correggiohockey.it\/wp-content\/uploads\/2026\/01\/Mauro-Menendez.jpg","contentUrl":"https:\/\/www.correggiohockey.it\/wp-content\/uploads\/2026\/01\/Mauro-Menendez.jpg","width":1920,"height":1280},{"@type":"BreadcrumbList","@id":"https:\/\/www.correggiohockey.it\/?p=18557#breadcrumb","itemListElement":[{"@type":"ListItem","position":1,"name":"Home","item":"https:\/\/www.correggiohockey.it\/"},{"@type":"ListItem","position":2,"name":"Serie A2: la BDL Mini Motor nella tana del Montecchio Precalcino"}]},{"@type":"WebSite","@id":"https:\/\/www.correggiohockey.it\/#website","url":"https:\/\/www.correggiohockey.it\/","name":"Correggio Hockey A.S.D.","description":"Orgoglio emiliano, in pista dal 1997","potentialAction":[{"@type":"SearchAction","target":{"@type":"EntryPoint","urlTemplate":"https:\/\/www.correggiohockey.it\/?s={search_term_string}"},"query-input":{"@type":"PropertyValueSpecification","valueRequired":true,"valueName":"search_term_string"}}],"inLanguage":"it-IT"},{"@type":"Person","@id":"https:\/\/www.correggiohockey.it\/#\/schema\/person\/a61f8605569e91b5a5214a71447a381c","name":"Redazione","image":{"@type":"ImageObject","inLanguage":"it-IT","@id":"https:\/\/www.correggiohockey.it\/#\/schema\/person\/image\/","url":"https:\/\/secure.gravatar.com\/avatar\/3b006105bc2195f91ca1b7cbc4c2f96835141f5fa92720ece501fb7f052ed868?s=96&d=mm&r=g","contentUrl":"https:\/\/secure.gravatar.com\/avatar\/3b006105bc2195f91ca1b7cbc4c2f96835141f5fa92720ece501fb7f052ed868?s=96&d=mm&r=g","caption":"Redazione"},"url":"https:\/\/www.correggiohockey.it\/?author=1"}]}},"_links":{"self":[{"href":"https:\/\/www.correggiohockey.it\/index.php?rest_route=\/wp\/v2\/posts\/18557","targetHints":{"allow":["GET"]}}],"collection":[{"href":"https:\/\/www.correggiohockey.it\/index.php?rest_route=\/wp\/v2\/posts"}],"about":[{"href":"https:\/\/www.correggiohockey.it\/index.php?rest_route=\/wp\/v2\/types\/post"}],"author":[{"embeddable":true,"href":"https:\/\/www.correggiohockey.it\/index.php?rest_route=\/wp\/v2\/users\/1"}],"replies":[{"embeddable":true,"href":"https:\/\/www.correggiohockey.it\/index.php?rest_route=%2Fwp%2Fv2%2Fcomments&post=18557"}],"version-history":[{"count":2,"href":"https:\/\/www.correggiohockey.it\/index.php?rest_route=\/wp\/v2\/posts\/18557\/revisions"}],"predecessor-version":[{"id":18569,"href":"https:\/\/www.correggiohockey.it\/index.php?rest_route=\/wp\/v2\/posts\/18557\/revisions\/18569"}],"wp:featuredmedia":[{"embeddable":true,"href":"https:\/\/www.correggiohockey.it\/index.php?rest_route=\/wp\/v2\/media\/18558"}],"wp:attachment":[{"href":"https:\/\/www.correggiohockey.it\/index.php?rest_route=%2Fwp%2Fv2%2Fmedia&parent=18557"}],"wp:term":[{"taxonomy":"category","embeddable":true,"href":"https:\/\/www.correggiohockey.it\/index.php?rest_route=%2Fwp%2Fv2%2Fcategories&post=18557"},{"taxonomy":"post_tag","embeddable":true,"href":"https:\/\/www.correggiohockey.it\/index.php?rest_route=%2Fwp%2Fv2%2Ftags&post=18557"}],"curies":[{"name":"wp","href":"https:\/\/api.w.org\/{rel}","templated":true}]}}