{"id":12729,"date":"2021-05-05T12:08:00","date_gmt":"2021-05-05T10:08:00","guid":{"rendered":"https:\/\/www.correggiohockey.it\/?p=12729"},"modified":"2021-05-06T12:09:32","modified_gmt":"2021-05-06T10:09:32","slug":"a-correggio-le-finali-di-serie-b-e-quelle-di-coppa-italia-under-17","status":"publish","type":"post","link":"https:\/\/www.correggiohockey.it\/?p=12729","title":{"rendered":"A Correggio le finali di Serie B e quelle di Coppa Italia under 17"},"content":{"rendered":"\n<p style=\"text-align: justify;\">La Federazione Italiana Sport Rotellistici ha assegnato al Correggio Hockey l&#8217;organizzazione di due importanti appuntamenti di fine stagione.<br>La societ\u00e0 del presidente Marco Ferretti \u00e8 da sempre pronta ad organizzare eventi presso il palasport di Correggio e non si \u00e8 tirata indietro nemmeno in questo anno decisamente difficili e particolare.<br>E&#8217; di queste ore la notizia che il &#8220;Dorando Pietri&#8221; sar\u00e0 la sede di una delle due finali promozione del campionato di Serie B (l&#8217;altra sar\u00e0 Grosseto). La Minimotor Correggio \u00e8 in piena corsa per conquistare uno dei quattro posti disponibili; domenica pomeriggio affronter\u00e0 il Montecchio Precalcino partendo dal vantaggio per 7-5 della gara di andata in Veneto.<br>Alla finale di Correggio, che mette in palio un posto per la prossima serie A2, prenderanno parte, oltre alla vincente di Minimotor-Montecchio, l&#8217;Amatori Vercelli, l&#8217;Agrate Brianza e una tra Breganze e Trissino 05.<br>Nei giorni scorsi, il Correggio Hockey si era gi\u00e0 assicurato l&#8217;organizzazione delle finali nazionali della coppa Italia under 17 che si svolgeranno dal 4 al 6 giugno. Saranno sei le squadre partecipanti; oltre al Correggio Hockey ci saranno certamente Castiglione, Monza e Bassano; per conoscere le altre sar\u00e0 necessario attendere la conclusione dei gironi di qualificazione. Le finali di Coppa Italia under 17 saranno un evento di particolare rilevanza perch\u00e8 segneranno il ritorno del pubblico al palasport di Correggio. A partire dall&#8217;1 giugno, infatti, anche gli eventi sportivi all&#8217;aperto potranno aprire al pubblico nella misura massima del 25% della capienza.<\/p>\n","protected":false},"excerpt":{"rendered":"<p>La Federazione Italiana Sport Rotellistici ha assegnato al Correggio Hockey l&#8217;organizzazione di due importanti appuntamenti di fine stagione.La societ\u00e0 del presidente Marco Ferretti \u00e8 da sempre pronta ad organizzare eventi presso il palasport di Correggio e non si \u00e8 tirata indietro nemmeno in questo anno decisamente difficili e particolare.E&#8217; di queste ore la notizia che [&hellip;]<\/p>\n","protected":false},"author":1,"featured_media":12730,"comment_status":"open","ping_status":"open","sticky":false,"template":"","format":"standard","meta":{"ngg_post_thumbnail":0,"footnotes":""},"categories":[34],"tags":[],"class_list":["post-12729","post","type-post","status-publish","format-standard","has-post-thumbnail","hentry","category-news"],"yoast_head":"<!-- This site is optimized with the Yoast SEO plugin v25.7 - https:\/\/yoast.com\/wordpress\/plugins\/seo\/ -->\n<title>A Correggio le finali di Serie B e quelle di Coppa Italia under 17 - Correggio Hockey A.S.D.<\/title>\n<meta name=\"robots\" content=\"index, follow, max-snippet:-1, max-image-preview:large, max-video-preview:-1\" \/>\n<link rel=\"canonical\" href=\"https:\/\/www.correggiohockey.it\/?p=12729\" \/>\n<meta property=\"og:locale\" content=\"it_IT\" \/>\n<meta property=\"og:type\" content=\"article\" \/>\n<meta property=\"og:title\" content=\"A Correggio le finali di Serie B e quelle di Coppa Italia under 17 - Correggio Hockey A.S.D.\" \/>\n<meta property=\"og:description\" content=\"La Federazione Italiana Sport Rotellistici ha assegnato al Correggio Hockey l&#8217;organizzazione di due importanti appuntamenti di fine stagione.La societ\u00e0 del presidente Marco Ferretti \u00e8 da sempre pronta ad organizzare eventi presso il palasport di Correggio e non si \u00e8 tirata indietro nemmeno in questo anno decisamente difficili e particolare.E&#8217; di queste ore la notizia che [&hellip;]\" \/>\n<meta property=\"og:url\" content=\"https:\/\/www.correggiohockey.it\/?p=12729\" \/>\n<meta property=\"og:site_name\" content=\"Correggio Hockey A.S.D.\" \/>\n<meta property=\"article:published_time\" content=\"2021-05-05T10:08:00+00:00\" \/>\n<meta property=\"article:modified_time\" content=\"2021-05-06T10:09:32+00:00\" \/>\n<meta property=\"og:image\" content=\"https:\/\/www.correggiohockey.it\/wp-content\/uploads\/2021\/05\/DSC_6371.jpeg\" \/>\n\t<meta property=\"og:image:width\" content=\"2000\" \/>\n\t<meta property=\"og:image:height\" content=\"1095\" \/>\n\t<meta property=\"og:image:type\" content=\"image\/jpeg\" \/>\n<meta name=\"author\" content=\"Redazione\" \/>\n<meta name=\"twitter:card\" content=\"summary_large_image\" \/>\n<meta name=\"twitter:label1\" content=\"Scritto da\" \/>\n\t<meta name=\"twitter:data1\" content=\"Redazione\" \/>\n\t<meta name=\"twitter:label2\" content=\"Tempo di lettura stimato\" \/>\n\t<meta name=\"twitter:data2\" content=\"1 minuto\" \/>\n<script type=\"application\/ld+json\" class=\"yoast-schema-graph\">{\"@context\":\"https:\/\/schema.org\",\"@graph\":[{\"@type\":\"WebPage\",\"@id\":\"https:\/\/www.correggiohockey.it\/?p=12729\",\"url\":\"https:\/\/www.correggiohockey.it\/?p=12729\",\"name\":\"A Correggio le finali di Serie B e quelle di Coppa Italia under 17 - Correggio Hockey A.S.D.\",\"isPartOf\":{\"@id\":\"https:\/\/www.correggiohockey.it\/#website\"},\"primaryImageOfPage\":{\"@id\":\"https:\/\/www.correggiohockey.it\/?p=12729#primaryimage\"},\"image\":{\"@id\":\"https:\/\/www.correggiohockey.it\/?p=12729#primaryimage\"},\"thumbnailUrl\":\"https:\/\/www.correggiohockey.it\/wp-content\/uploads\/2021\/05\/DSC_6371.jpeg\",\"datePublished\":\"2021-05-05T10:08:00+00:00\",\"dateModified\":\"2021-05-06T10:09:32+00:00\",\"author\":{\"@id\":\"https:\/\/www.correggiohockey.it\/#\/schema\/person\/a61f8605569e91b5a5214a71447a381c\"},\"breadcrumb\":{\"@id\":\"https:\/\/www.correggiohockey.it\/?p=12729#breadcrumb\"},\"inLanguage\":\"it-IT\",\"potentialAction\":[{\"@type\":\"ReadAction\",\"target\":[\"https:\/\/www.correggiohockey.it\/?p=12729\"]}]},{\"@type\":\"ImageObject\",\"inLanguage\":\"it-IT\",\"@id\":\"https:\/\/www.correggiohockey.it\/?p=12729#primaryimage\",\"url\":\"https:\/\/www.correggiohockey.it\/wp-content\/uploads\/2021\/05\/DSC_6371.jpeg\",\"contentUrl\":\"https:\/\/www.correggiohockey.it\/wp-content\/uploads\/2021\/05\/DSC_6371.jpeg\",\"width\":2000,\"height\":1095},{\"@type\":\"BreadcrumbList\",\"@id\":\"https:\/\/www.correggiohockey.it\/?p=12729#breadcrumb\",\"itemListElement\":[{\"@type\":\"ListItem\",\"position\":1,\"name\":\"Home\",\"item\":\"https:\/\/www.correggiohockey.it\/\"},{\"@type\":\"ListItem\",\"position\":2,\"name\":\"A Correggio le finali di Serie B e quelle di Coppa Italia under 17\"}]},{\"@type\":\"WebSite\",\"@id\":\"https:\/\/www.correggiohockey.it\/#website\",\"url\":\"https:\/\/www.correggiohockey.it\/\",\"name\":\"Correggio Hockey A.S.D.\",\"description\":\"Orgoglio emiliano, in pista dal 1997\",\"potentialAction\":[{\"@type\":\"SearchAction\",\"target\":{\"@type\":\"EntryPoint\",\"urlTemplate\":\"https:\/\/www.correggiohockey.it\/?s={search_term_string}\"},\"query-input\":{\"@type\":\"PropertyValueSpecification\",\"valueRequired\":true,\"valueName\":\"search_term_string\"}}],\"inLanguage\":\"it-IT\"},{\"@type\":\"Person\",\"@id\":\"https:\/\/www.correggiohockey.it\/#\/schema\/person\/a61f8605569e91b5a5214a71447a381c\",\"name\":\"Redazione\",\"image\":{\"@type\":\"ImageObject\",\"inLanguage\":\"it-IT\",\"@id\":\"https:\/\/www.correggiohockey.it\/#\/schema\/person\/image\/\",\"url\":\"https:\/\/secure.gravatar.com\/avatar\/3b006105bc2195f91ca1b7cbc4c2f96835141f5fa92720ece501fb7f052ed868?s=96&d=mm&r=g\",\"contentUrl\":\"https:\/\/secure.gravatar.com\/avatar\/3b006105bc2195f91ca1b7cbc4c2f96835141f5fa92720ece501fb7f052ed868?s=96&d=mm&r=g\",\"caption\":\"Redazione\"},\"url\":\"https:\/\/www.correggiohockey.it\/?author=1\"}]}<\/script>\n<!-- \/ Yoast SEO plugin. -->","yoast_head_json":{"title":"A Correggio le finali di Serie B e quelle di Coppa Italia under 17 - Correggio Hockey A.S.D.","robots":{"index":"index","follow":"follow","max-snippet":"max-snippet:-1","max-image-preview":"max-image-preview:large","max-video-preview":"max-video-preview:-1"},"canonical":"https:\/\/www.correggiohockey.it\/?p=12729","og_locale":"it_IT","og_type":"article","og_title":"A Correggio le finali di Serie B e quelle di Coppa Italia under 17 - Correggio Hockey A.S.D.","og_description":"La Federazione Italiana Sport Rotellistici ha assegnato al Correggio Hockey l&#8217;organizzazione di due importanti appuntamenti di fine stagione.La societ\u00e0 del presidente Marco Ferretti \u00e8 da sempre pronta ad organizzare eventi presso il palasport di Correggio e non si \u00e8 tirata indietro nemmeno in questo anno decisamente difficili e particolare.E&#8217; di queste ore la notizia che [&hellip;]","og_url":"https:\/\/www.correggiohockey.it\/?p=12729","og_site_name":"Correggio Hockey A.S.D.","article_published_time":"2021-05-05T10:08:00+00:00","article_modified_time":"2021-05-06T10:09:32+00:00","og_image":[{"width":2000,"height":1095,"url":"https:\/\/www.correggiohockey.it\/wp-content\/uploads\/2021\/05\/DSC_6371.jpeg","type":"image\/jpeg"}],"author":"Redazione","twitter_card":"summary_large_image","twitter_misc":{"Scritto da":"Redazione","Tempo di lettura stimato":"1 minuto"},"schema":{"@context":"https:\/\/schema.org","@graph":[{"@type":"WebPage","@id":"https:\/\/www.correggiohockey.it\/?p=12729","url":"https:\/\/www.correggiohockey.it\/?p=12729","name":"A Correggio le finali di Serie B e quelle di Coppa Italia under 17 - Correggio Hockey A.S.D.","isPartOf":{"@id":"https:\/\/www.correggiohockey.it\/#website"},"primaryImageOfPage":{"@id":"https:\/\/www.correggiohockey.it\/?p=12729#primaryimage"},"image":{"@id":"https:\/\/www.correggiohockey.it\/?p=12729#primaryimage"},"thumbnailUrl":"https:\/\/www.correggiohockey.it\/wp-content\/uploads\/2021\/05\/DSC_6371.jpeg","datePublished":"2021-05-05T10:08:00+00:00","dateModified":"2021-05-06T10:09:32+00:00","author":{"@id":"https:\/\/www.correggiohockey.it\/#\/schema\/person\/a61f8605569e91b5a5214a71447a381c"},"breadcrumb":{"@id":"https:\/\/www.correggiohockey.it\/?p=12729#breadcrumb"},"inLanguage":"it-IT","potentialAction":[{"@type":"ReadAction","target":["https:\/\/www.correggiohockey.it\/?p=12729"]}]},{"@type":"ImageObject","inLanguage":"it-IT","@id":"https:\/\/www.correggiohockey.it\/?p=12729#primaryimage","url":"https:\/\/www.correggiohockey.it\/wp-content\/uploads\/2021\/05\/DSC_6371.jpeg","contentUrl":"https:\/\/www.correggiohockey.it\/wp-content\/uploads\/2021\/05\/DSC_6371.jpeg","width":2000,"height":1095},{"@type":"BreadcrumbList","@id":"https:\/\/www.correggiohockey.it\/?p=12729#breadcrumb","itemListElement":[{"@type":"ListItem","position":1,"name":"Home","item":"https:\/\/www.correggiohockey.it\/"},{"@type":"ListItem","position":2,"name":"A Correggio le finali di Serie B e quelle di Coppa Italia under 17"}]},{"@type":"WebSite","@id":"https:\/\/www.correggiohockey.it\/#website","url":"https:\/\/www.correggiohockey.it\/","name":"Correggio Hockey A.S.D.","description":"Orgoglio emiliano, in pista dal 1997","potentialAction":[{"@type":"SearchAction","target":{"@type":"EntryPoint","urlTemplate":"https:\/\/www.correggiohockey.it\/?s={search_term_string}"},"query-input":{"@type":"PropertyValueSpecification","valueRequired":true,"valueName":"search_term_string"}}],"inLanguage":"it-IT"},{"@type":"Person","@id":"https:\/\/www.correggiohockey.it\/#\/schema\/person\/a61f8605569e91b5a5214a71447a381c","name":"Redazione","image":{"@type":"ImageObject","inLanguage":"it-IT","@id":"https:\/\/www.correggiohockey.it\/#\/schema\/person\/image\/","url":"https:\/\/secure.gravatar.com\/avatar\/3b006105bc2195f91ca1b7cbc4c2f96835141f5fa92720ece501fb7f052ed868?s=96&d=mm&r=g","contentUrl":"https:\/\/secure.gravatar.com\/avatar\/3b006105bc2195f91ca1b7cbc4c2f96835141f5fa92720ece501fb7f052ed868?s=96&d=mm&r=g","caption":"Redazione"},"url":"https:\/\/www.correggiohockey.it\/?author=1"}]}},"_links":{"self":[{"href":"https:\/\/www.correggiohockey.it\/index.php?rest_route=\/wp\/v2\/posts\/12729","targetHints":{"allow":["GET"]}}],"collection":[{"href":"https:\/\/www.correggiohockey.it\/index.php?rest_route=\/wp\/v2\/posts"}],"about":[{"href":"https:\/\/www.correggiohockey.it\/index.php?rest_route=\/wp\/v2\/types\/post"}],"author":[{"embeddable":true,"href":"https:\/\/www.correggiohockey.it\/index.php?rest_route=\/wp\/v2\/users\/1"}],"replies":[{"embeddable":true,"href":"https:\/\/www.correggiohockey.it\/index.php?rest_route=%2Fwp%2Fv2%2Fcomments&post=12729"}],"version-history":[{"count":1,"href":"https:\/\/www.correggiohockey.it\/index.php?rest_route=\/wp\/v2\/posts\/12729\/revisions"}],"predecessor-version":[{"id":12731,"href":"https:\/\/www.correggiohockey.it\/index.php?rest_route=\/wp\/v2\/posts\/12729\/revisions\/12731"}],"wp:featuredmedia":[{"embeddable":true,"href":"https:\/\/www.correggiohockey.it\/index.php?rest_route=\/wp\/v2\/media\/12730"}],"wp:attachment":[{"href":"https:\/\/www.correggiohockey.it\/index.php?rest_route=%2Fwp%2Fv2%2Fmedia&parent=12729"}],"wp:term":[{"taxonomy":"category","embeddable":true,"href":"https:\/\/www.correggiohockey.it\/index.php?rest_route=%2Fwp%2Fv2%2Fcategories&post=12729"},{"taxonomy":"post_tag","embeddable":true,"href":"https:\/\/www.correggiohockey.it\/index.php?rest_route=%2Fwp%2Fv2%2Ftags&post=12729"}],"curies":[{"name":"wp","href":"https:\/\/api.w.org\/{rel}","templated":true}]}}