{"id":11456,"date":"2020-06-17T08:19:33","date_gmt":"2020-06-17T06:19:33","guid":{"rendered":"https:\/\/www.correggiohockey.it\/?p=11456"},"modified":"2020-06-17T08:19:35","modified_gmt":"2020-06-17T06:19:35","slug":"il-consiglio-federale-battezza-la-nuova-stagione-si-parte-il-10-ottobre","status":"publish","type":"post","link":"https:\/\/www.correggiohockey.it\/?p=11456","title":{"rendered":"Il Consiglio Federale &#8220;battezza&#8221; la nuova stagione: si parte il 10 ottobre"},"content":{"rendered":"\n<p>Con l&#8217;approvazione delle Norme Organizzative, avvenuta marted\u00ec in Consiglio Federale, la Federazione Italiana Sport Rotellistici ha disegnato i contorni della prossima stagione hockeystica. La Bidielle Correggio ha ora un appuntamento preciso per cui prepararsi a puntino: sabato 10 ottobre, giorno di inizio della stagione regolare.<br>In realt\u00e0, sulla prossima stagione ci sono ancora dubbi da dissipare. La FISR ha predisposto il format di un campionato a 14 squadre, ma saranno le iscrizioni formali (che si chiudono l&#8217;1 luglio) a dare la definitiva conferma. Le squadre che possono iscriversi alla Serie A1 sono 16, ma Amatori Modena e CGC Viareggio hanno gi\u00e0 annunciato che si iscriveranno alla Serie A2. Se sar\u00e0 effettivamente cos\u00ec, e se le altre 14 squadre completeranno l&#8217;iscrizione, in Serie A1 ci saranno, oltre alla Bidielle, Lodi, Forte dei Marmi, Valdagno, Breganze, Trissino, Scandiano, Follonica, Sarzana, Monza, Bassano, Montebello, Sandrigo e Grosseto.<br>Sulla effettiva data di inizio della stagione pesa anche l&#8217;incognita Covid-19. E&#8217; opinione condivisa tra le societ\u00e0 di valutare un inizio ritardato qualora per ottobre non ci fosse ancora la possibilit\u00e0 di un accesso, anche solo parziale, del pubblico sulle tribune dei palazzetti. E&#8217; probabile che, a questo proposito, siano decisive le prossime settimane: un pressoch\u00e8 totale azzeramento del contagio potrebbe riportare il pubblico agli spettacoli sportivi gi\u00e0 nel corso dell&#8217;estate.<br>FISR ha riproposto per la Serie A1 la formula del campionato interrotto a febbraio: stagione regolare di 26 giornate seguita dai play off per le prime 10 classificate per designare la squadra campione d&#8217;Italia e play out per le ultime quattro per sancire le due retrocessioni. Come detto, il campionato di Serie A1 prender\u00e0 il via il 10 ottobre per chiudere la stagione regolare il 17 aprile con tre soste previste (il 27 dicembre, il 27 febbraio per la finale di Coppa Italia e tra dal 27 marzo al 3 aprile per il torneo di Montreux della nazionale) e tre turni infrasettimanali (marted\u00ec 8 dicembre, marted\u00ec 5 gennaio e mercoled\u00ec 24 marzo). La seconda fase inizier\u00e0 mercoled\u00ec 21 aprile per chiudersi a fine maggio per quanto riguarda i play out e nella prima met\u00e0 di giugno per la finale scudetto.<br>Anche per la prossima stagione, la Bidielle Correggio giocher\u00e0 le proprie gare interne alla domenica pomeriggio alle 18.<\/p>\n","protected":false},"excerpt":{"rendered":"<p>Con l&#8217;approvazione delle Norme Organizzative, avvenuta marted\u00ec in Consiglio Federale, la Federazione Italiana Sport Rotellistici ha disegnato i contorni della prossima stagione hockeystica. La Bidielle Correggio ha ora un appuntamento preciso per cui prepararsi a puntino: sabato 10 ottobre, giorno di inizio della stagione regolare.In realt\u00e0, sulla prossima stagione ci sono ancora dubbi da dissipare. [&hellip;]<\/p>\n","protected":false},"author":1,"featured_media":11457,"comment_status":"open","ping_status":"open","sticky":false,"template":"","format":"standard","meta":{"ngg_post_thumbnail":0,"footnotes":""},"categories":[34],"tags":[],"class_list":["post-11456","post","type-post","status-publish","format-standard","has-post-thumbnail","hentry","category-news"],"yoast_head":"<!-- This site is optimized with the Yoast SEO plugin v25.7 - https:\/\/yoast.com\/wordpress\/plugins\/seo\/ -->\n<title>Il Consiglio Federale &quot;battezza&quot; la nuova stagione: si parte il 10 ottobre - Correggio Hockey A.S.D.<\/title>\n<meta name=\"robots\" content=\"index, follow, max-snippet:-1, max-image-preview:large, max-video-preview:-1\" \/>\n<link rel=\"canonical\" href=\"https:\/\/www.correggiohockey.it\/?p=11456\" \/>\n<meta property=\"og:locale\" content=\"it_IT\" \/>\n<meta property=\"og:type\" content=\"article\" \/>\n<meta property=\"og:title\" content=\"Il Consiglio Federale &quot;battezza&quot; la nuova stagione: si parte il 10 ottobre - Correggio Hockey A.S.D.\" \/>\n<meta property=\"og:description\" content=\"Con l&#8217;approvazione delle Norme Organizzative, avvenuta marted\u00ec in Consiglio Federale, la Federazione Italiana Sport Rotellistici ha disegnato i contorni della prossima stagione hockeystica. La Bidielle Correggio ha ora un appuntamento preciso per cui prepararsi a puntino: sabato 10 ottobre, giorno di inizio della stagione regolare.In realt\u00e0, sulla prossima stagione ci sono ancora dubbi da dissipare. [&hellip;]\" \/>\n<meta property=\"og:url\" content=\"https:\/\/www.correggiohockey.it\/?p=11456\" \/>\n<meta property=\"og:site_name\" content=\"Correggio Hockey A.S.D.\" \/>\n<meta property=\"article:published_time\" content=\"2020-06-17T06:19:33+00:00\" \/>\n<meta property=\"article:modified_time\" content=\"2020-06-17T06:19:35+00:00\" \/>\n<meta property=\"og:image\" content=\"https:\/\/www.correggiohockey.it\/wp-content\/uploads\/2020\/06\/20-02-02-Correggio-Valdagno14-scaled.jpeg\" \/>\n\t<meta property=\"og:image:width\" content=\"2560\" \/>\n\t<meta property=\"og:image:height\" content=\"1441\" \/>\n\t<meta property=\"og:image:type\" content=\"image\/jpeg\" \/>\n<meta name=\"author\" content=\"Redazione\" \/>\n<meta name=\"twitter:card\" content=\"summary_large_image\" \/>\n<meta name=\"twitter:label1\" content=\"Scritto da\" \/>\n\t<meta name=\"twitter:data1\" content=\"Redazione\" \/>\n\t<meta name=\"twitter:label2\" content=\"Tempo di lettura stimato\" \/>\n\t<meta name=\"twitter:data2\" content=\"2 minuti\" \/>\n<script type=\"application\/ld+json\" class=\"yoast-schema-graph\">{\"@context\":\"https:\/\/schema.org\",\"@graph\":[{\"@type\":\"WebPage\",\"@id\":\"https:\/\/www.correggiohockey.it\/?p=11456\",\"url\":\"https:\/\/www.correggiohockey.it\/?p=11456\",\"name\":\"Il Consiglio Federale \\\"battezza\\\" la nuova stagione: si parte il 10 ottobre - Correggio Hockey A.S.D.\",\"isPartOf\":{\"@id\":\"https:\/\/www.correggiohockey.it\/#website\"},\"primaryImageOfPage\":{\"@id\":\"https:\/\/www.correggiohockey.it\/?p=11456#primaryimage\"},\"image\":{\"@id\":\"https:\/\/www.correggiohockey.it\/?p=11456#primaryimage\"},\"thumbnailUrl\":\"https:\/\/www.correggiohockey.it\/wp-content\/uploads\/2020\/06\/20-02-02-Correggio-Valdagno14-scaled.jpeg\",\"datePublished\":\"2020-06-17T06:19:33+00:00\",\"dateModified\":\"2020-06-17T06:19:35+00:00\",\"author\":{\"@id\":\"https:\/\/www.correggiohockey.it\/#\/schema\/person\/a61f8605569e91b5a5214a71447a381c\"},\"breadcrumb\":{\"@id\":\"https:\/\/www.correggiohockey.it\/?p=11456#breadcrumb\"},\"inLanguage\":\"it-IT\",\"potentialAction\":[{\"@type\":\"ReadAction\",\"target\":[\"https:\/\/www.correggiohockey.it\/?p=11456\"]}]},{\"@type\":\"ImageObject\",\"inLanguage\":\"it-IT\",\"@id\":\"https:\/\/www.correggiohockey.it\/?p=11456#primaryimage\",\"url\":\"https:\/\/www.correggiohockey.it\/wp-content\/uploads\/2020\/06\/20-02-02-Correggio-Valdagno14-scaled.jpeg\",\"contentUrl\":\"https:\/\/www.correggiohockey.it\/wp-content\/uploads\/2020\/06\/20-02-02-Correggio-Valdagno14-scaled.jpeg\",\"width\":2560,\"height\":1441},{\"@type\":\"BreadcrumbList\",\"@id\":\"https:\/\/www.correggiohockey.it\/?p=11456#breadcrumb\",\"itemListElement\":[{\"@type\":\"ListItem\",\"position\":1,\"name\":\"Home\",\"item\":\"https:\/\/www.correggiohockey.it\/\"},{\"@type\":\"ListItem\",\"position\":2,\"name\":\"Il Consiglio Federale &#8220;battezza&#8221; la nuova stagione: si parte il 10 ottobre\"}]},{\"@type\":\"WebSite\",\"@id\":\"https:\/\/www.correggiohockey.it\/#website\",\"url\":\"https:\/\/www.correggiohockey.it\/\",\"name\":\"Correggio Hockey A.S.D.\",\"description\":\"Orgoglio emiliano, in pista dal 1997\",\"potentialAction\":[{\"@type\":\"SearchAction\",\"target\":{\"@type\":\"EntryPoint\",\"urlTemplate\":\"https:\/\/www.correggiohockey.it\/?s={search_term_string}\"},\"query-input\":{\"@type\":\"PropertyValueSpecification\",\"valueRequired\":true,\"valueName\":\"search_term_string\"}}],\"inLanguage\":\"it-IT\"},{\"@type\":\"Person\",\"@id\":\"https:\/\/www.correggiohockey.it\/#\/schema\/person\/a61f8605569e91b5a5214a71447a381c\",\"name\":\"Redazione\",\"image\":{\"@type\":\"ImageObject\",\"inLanguage\":\"it-IT\",\"@id\":\"https:\/\/www.correggiohockey.it\/#\/schema\/person\/image\/\",\"url\":\"https:\/\/secure.gravatar.com\/avatar\/3b006105bc2195f91ca1b7cbc4c2f96835141f5fa92720ece501fb7f052ed868?s=96&d=mm&r=g\",\"contentUrl\":\"https:\/\/secure.gravatar.com\/avatar\/3b006105bc2195f91ca1b7cbc4c2f96835141f5fa92720ece501fb7f052ed868?s=96&d=mm&r=g\",\"caption\":\"Redazione\"},\"url\":\"https:\/\/www.correggiohockey.it\/?author=1\"}]}<\/script>\n<!-- \/ Yoast SEO plugin. -->","yoast_head_json":{"title":"Il Consiglio Federale \"battezza\" la nuova stagione: si parte il 10 ottobre - Correggio Hockey A.S.D.","robots":{"index":"index","follow":"follow","max-snippet":"max-snippet:-1","max-image-preview":"max-image-preview:large","max-video-preview":"max-video-preview:-1"},"canonical":"https:\/\/www.correggiohockey.it\/?p=11456","og_locale":"it_IT","og_type":"article","og_title":"Il Consiglio Federale \"battezza\" la nuova stagione: si parte il 10 ottobre - Correggio Hockey A.S.D.","og_description":"Con l&#8217;approvazione delle Norme Organizzative, avvenuta marted\u00ec in Consiglio Federale, la Federazione Italiana Sport Rotellistici ha disegnato i contorni della prossima stagione hockeystica. La Bidielle Correggio ha ora un appuntamento preciso per cui prepararsi a puntino: sabato 10 ottobre, giorno di inizio della stagione regolare.In realt\u00e0, sulla prossima stagione ci sono ancora dubbi da dissipare. [&hellip;]","og_url":"https:\/\/www.correggiohockey.it\/?p=11456","og_site_name":"Correggio Hockey A.S.D.","article_published_time":"2020-06-17T06:19:33+00:00","article_modified_time":"2020-06-17T06:19:35+00:00","og_image":[{"width":2560,"height":1441,"url":"https:\/\/www.correggiohockey.it\/wp-content\/uploads\/2020\/06\/20-02-02-Correggio-Valdagno14-scaled.jpeg","type":"image\/jpeg"}],"author":"Redazione","twitter_card":"summary_large_image","twitter_misc":{"Scritto da":"Redazione","Tempo di lettura stimato":"2 minuti"},"schema":{"@context":"https:\/\/schema.org","@graph":[{"@type":"WebPage","@id":"https:\/\/www.correggiohockey.it\/?p=11456","url":"https:\/\/www.correggiohockey.it\/?p=11456","name":"Il Consiglio Federale \"battezza\" la nuova stagione: si parte il 10 ottobre - Correggio Hockey A.S.D.","isPartOf":{"@id":"https:\/\/www.correggiohockey.it\/#website"},"primaryImageOfPage":{"@id":"https:\/\/www.correggiohockey.it\/?p=11456#primaryimage"},"image":{"@id":"https:\/\/www.correggiohockey.it\/?p=11456#primaryimage"},"thumbnailUrl":"https:\/\/www.correggiohockey.it\/wp-content\/uploads\/2020\/06\/20-02-02-Correggio-Valdagno14-scaled.jpeg","datePublished":"2020-06-17T06:19:33+00:00","dateModified":"2020-06-17T06:19:35+00:00","author":{"@id":"https:\/\/www.correggiohockey.it\/#\/schema\/person\/a61f8605569e91b5a5214a71447a381c"},"breadcrumb":{"@id":"https:\/\/www.correggiohockey.it\/?p=11456#breadcrumb"},"inLanguage":"it-IT","potentialAction":[{"@type":"ReadAction","target":["https:\/\/www.correggiohockey.it\/?p=11456"]}]},{"@type":"ImageObject","inLanguage":"it-IT","@id":"https:\/\/www.correggiohockey.it\/?p=11456#primaryimage","url":"https:\/\/www.correggiohockey.it\/wp-content\/uploads\/2020\/06\/20-02-02-Correggio-Valdagno14-scaled.jpeg","contentUrl":"https:\/\/www.correggiohockey.it\/wp-content\/uploads\/2020\/06\/20-02-02-Correggio-Valdagno14-scaled.jpeg","width":2560,"height":1441},{"@type":"BreadcrumbList","@id":"https:\/\/www.correggiohockey.it\/?p=11456#breadcrumb","itemListElement":[{"@type":"ListItem","position":1,"name":"Home","item":"https:\/\/www.correggiohockey.it\/"},{"@type":"ListItem","position":2,"name":"Il Consiglio Federale &#8220;battezza&#8221; la nuova stagione: si parte il 10 ottobre"}]},{"@type":"WebSite","@id":"https:\/\/www.correggiohockey.it\/#website","url":"https:\/\/www.correggiohockey.it\/","name":"Correggio Hockey A.S.D.","description":"Orgoglio emiliano, in pista dal 1997","potentialAction":[{"@type":"SearchAction","target":{"@type":"EntryPoint","urlTemplate":"https:\/\/www.correggiohockey.it\/?s={search_term_string}"},"query-input":{"@type":"PropertyValueSpecification","valueRequired":true,"valueName":"search_term_string"}}],"inLanguage":"it-IT"},{"@type":"Person","@id":"https:\/\/www.correggiohockey.it\/#\/schema\/person\/a61f8605569e91b5a5214a71447a381c","name":"Redazione","image":{"@type":"ImageObject","inLanguage":"it-IT","@id":"https:\/\/www.correggiohockey.it\/#\/schema\/person\/image\/","url":"https:\/\/secure.gravatar.com\/avatar\/3b006105bc2195f91ca1b7cbc4c2f96835141f5fa92720ece501fb7f052ed868?s=96&d=mm&r=g","contentUrl":"https:\/\/secure.gravatar.com\/avatar\/3b006105bc2195f91ca1b7cbc4c2f96835141f5fa92720ece501fb7f052ed868?s=96&d=mm&r=g","caption":"Redazione"},"url":"https:\/\/www.correggiohockey.it\/?author=1"}]}},"_links":{"self":[{"href":"https:\/\/www.correggiohockey.it\/index.php?rest_route=\/wp\/v2\/posts\/11456","targetHints":{"allow":["GET"]}}],"collection":[{"href":"https:\/\/www.correggiohockey.it\/index.php?rest_route=\/wp\/v2\/posts"}],"about":[{"href":"https:\/\/www.correggiohockey.it\/index.php?rest_route=\/wp\/v2\/types\/post"}],"author":[{"embeddable":true,"href":"https:\/\/www.correggiohockey.it\/index.php?rest_route=\/wp\/v2\/users\/1"}],"replies":[{"embeddable":true,"href":"https:\/\/www.correggiohockey.it\/index.php?rest_route=%2Fwp%2Fv2%2Fcomments&post=11456"}],"version-history":[{"count":1,"href":"https:\/\/www.correggiohockey.it\/index.php?rest_route=\/wp\/v2\/posts\/11456\/revisions"}],"predecessor-version":[{"id":11458,"href":"https:\/\/www.correggiohockey.it\/index.php?rest_route=\/wp\/v2\/posts\/11456\/revisions\/11458"}],"wp:featuredmedia":[{"embeddable":true,"href":"https:\/\/www.correggiohockey.it\/index.php?rest_route=\/wp\/v2\/media\/11457"}],"wp:attachment":[{"href":"https:\/\/www.correggiohockey.it\/index.php?rest_route=%2Fwp%2Fv2%2Fmedia&parent=11456"}],"wp:term":[{"taxonomy":"category","embeddable":true,"href":"https:\/\/www.correggiohockey.it\/index.php?rest_route=%2Fwp%2Fv2%2Fcategories&post=11456"},{"taxonomy":"post_tag","embeddable":true,"href":"https:\/\/www.correggiohockey.it\/index.php?rest_route=%2Fwp%2Fv2%2Ftags&post=11456"}],"curies":[{"name":"wp","href":"https:\/\/api.w.org\/{rel}","templated":true}]}}