{"id":11451,"date":"2020-06-10T16:17:46","date_gmt":"2020-06-10T14:17:46","guid":{"rendered":"https:\/\/www.correggiohockey.it\/?p=11451"},"modified":"2020-06-10T16:17:47","modified_gmt":"2020-06-10T14:17:47","slug":"largentino-jeronimo-garcia-completa-la-nuova-bidielle-correggio","status":"publish","type":"post","link":"https:\/\/www.correggiohockey.it\/?p=11451","title":{"rendered":"L&#8217;argentino Jeronimo Garcia completa la nuova Bidielle Correggio"},"content":{"rendered":"\n<p style=\"text-align: justify;\">Sar\u00e0 l&#8217;attaccante argentino Jeronimo Garcia Bielsa il secondo e ultimo volto nuovo della Bidielle Correggio in vista del prossimo campionato di Serie A1. Classe 1998, originario di San Juan in Argentina dove giocava nell&#8217;Olimpia Patin Club, nella stagione da poco interrotta, Garcia ha indossato la maglia rossonera del Sarzana mettendo a segno 15 reti e risultando il miglior marcatore rossonero dei liguri.<br>Garcia arriva a Correggio con le referenze di Alessandro Bertolucci, fratello del giocatore-allenatore correggese Mirko. Il Sarzana ha voluto puntare su altre pedine, ma per le necessit\u00e0 della Bidielle, ovvero poter contare su un attaccante di peso, l&#8217;argentino \u00e8 apparso da subito la scelta ideale.<br>Nell&#8217;ultima stagione, Garcia ha pi\u00f9 volte dato prova di un&#8217;ottima tecnica e di un senso della posizione indispensabili per un attaccante. A Sarzana aveva il compito quasi impossibile di far dimenticare un fuoriclasse come Danilo Rampulla, approdato nel frattempo al Benfica, mentre a Correggio trover\u00e0 un ambiente pi\u00f9 ovattato che gli conceder\u00e0 il tempo necessario per trovare l&#8217;affiatamento con i nuovi compagni.<br>Con l&#8217;arrivo di Garcia, la rosa della Bidielle per la prossima stagione \u00e8 definita. L&#8217;allenatore sar\u00e0 ancora Pablo Jara (che si occuper\u00e0 anche della squadra di serie B), affiancato da Mirko Bertolucci. Il gruppo sar\u00e0 composto dai tre portieri Cesc Campor, Nicol\u00f2 Salines e Federico Pedroni e dagli esterni Enrico Zucchiatti, Nicolas Barbieri, Mirko Bertolucci, Franco Posito, Jeronimo Garcia, Cosimo Mattugini, Diego Casari, Ernest Cinquini, Alessio Caroli ed Edoardo Righi. Nello staff della Bidielle ci saranno anche il preparatore atletico Gabriele Rossi, il preparatore dei portieri Jorge Bastias, la psicologa dello sport Valentina Marchesi e il meccanico Lorenzo Sala.<br>Sul fronte societario, nei giorni scorsi il Correggio Hockey ha perfezionato la propria associazione alla Lega Italiana Hockey Pista, l&#8217;associazione dei club nata un anno fa e presieduta del vicentino Enrico Stevan. In un primo momento, la societ\u00e0 del presidente Marco Ferretti aveva preferito stare alla finestra e non entrare nella nuova associazione, pur seguendone sempre da vicino le mosse. Ora la nuova Lega avr\u00e0 il mandato pieno di rappresentare anche il Correggio Hockey nei rapporti con la Federazione Italiana Sport Rotellistici e contribuir\u00e0, al pari degli altri soci (quasi tutte le societ\u00e0 di Serie A1) e determinarne le decisioni.<\/p>\n","protected":false},"excerpt":{"rendered":"<p>Sar\u00e0 l&#8217;attaccante argentino Jeronimo Garcia Bielsa il secondo e ultimo volto nuovo della Bidielle Correggio in vista del prossimo campionato di Serie A1. Classe 1998, originario di San Juan in Argentina dove giocava nell&#8217;Olimpia Patin Club, nella stagione da poco interrotta, Garcia ha indossato la maglia rossonera del Sarzana mettendo a segno 15 reti e [&hellip;]<\/p>\n","protected":false},"author":1,"featured_media":11452,"comment_status":"open","ping_status":"open","sticky":false,"template":"","format":"standard","meta":{"ngg_post_thumbnail":0,"footnotes":""},"categories":[34],"tags":[],"class_list":["post-11451","post","type-post","status-publish","format-standard","has-post-thumbnail","hentry","category-news"],"yoast_head":"<!-- This site is optimized with the Yoast SEO plugin v25.7 - https:\/\/yoast.com\/wordpress\/plugins\/seo\/ -->\n<title>L&#039;argentino Jeronimo Garcia completa la nuova Bidielle Correggio - Correggio Hockey A.S.D.<\/title>\n<meta name=\"robots\" content=\"index, follow, max-snippet:-1, max-image-preview:large, max-video-preview:-1\" \/>\n<link rel=\"canonical\" href=\"https:\/\/www.correggiohockey.it\/?p=11451\" \/>\n<meta property=\"og:locale\" content=\"it_IT\" \/>\n<meta property=\"og:type\" content=\"article\" \/>\n<meta property=\"og:title\" content=\"L&#039;argentino Jeronimo Garcia completa la nuova Bidielle Correggio - Correggio Hockey A.S.D.\" \/>\n<meta property=\"og:description\" content=\"Sar\u00e0 l&#8217;attaccante argentino Jeronimo Garcia Bielsa il secondo e ultimo volto nuovo della Bidielle Correggio in vista del prossimo campionato di Serie A1. Classe 1998, originario di San Juan in Argentina dove giocava nell&#8217;Olimpia Patin Club, nella stagione da poco interrotta, Garcia ha indossato la maglia rossonera del Sarzana mettendo a segno 15 reti e [&hellip;]\" \/>\n<meta property=\"og:url\" content=\"https:\/\/www.correggiohockey.it\/?p=11451\" \/>\n<meta property=\"og:site_name\" content=\"Correggio Hockey A.S.D.\" \/>\n<meta property=\"article:published_time\" content=\"2020-06-10T14:17:46+00:00\" \/>\n<meta property=\"article:modified_time\" content=\"2020-06-10T14:17:47+00:00\" \/>\n<meta property=\"og:image\" content=\"https:\/\/www.correggiohockey.it\/wp-content\/uploads\/2020\/06\/copertina-garcia.png\" \/>\n\t<meta property=\"og:image:width\" content=\"2408\" \/>\n\t<meta property=\"og:image:height\" content=\"1189\" \/>\n\t<meta property=\"og:image:type\" content=\"image\/png\" \/>\n<meta name=\"author\" content=\"Redazione\" \/>\n<meta name=\"twitter:card\" content=\"summary_large_image\" \/>\n<meta name=\"twitter:label1\" content=\"Scritto da\" \/>\n\t<meta name=\"twitter:data1\" content=\"Redazione\" \/>\n\t<meta name=\"twitter:label2\" content=\"Tempo di lettura stimato\" \/>\n\t<meta name=\"twitter:data2\" content=\"2 minuti\" \/>\n<script type=\"application\/ld+json\" class=\"yoast-schema-graph\">{\"@context\":\"https:\/\/schema.org\",\"@graph\":[{\"@type\":\"WebPage\",\"@id\":\"https:\/\/www.correggiohockey.it\/?p=11451\",\"url\":\"https:\/\/www.correggiohockey.it\/?p=11451\",\"name\":\"L'argentino Jeronimo Garcia completa la nuova Bidielle Correggio - Correggio Hockey A.S.D.\",\"isPartOf\":{\"@id\":\"https:\/\/www.correggiohockey.it\/#website\"},\"primaryImageOfPage\":{\"@id\":\"https:\/\/www.correggiohockey.it\/?p=11451#primaryimage\"},\"image\":{\"@id\":\"https:\/\/www.correggiohockey.it\/?p=11451#primaryimage\"},\"thumbnailUrl\":\"https:\/\/www.correggiohockey.it\/wp-content\/uploads\/2020\/06\/copertina-garcia.png\",\"datePublished\":\"2020-06-10T14:17:46+00:00\",\"dateModified\":\"2020-06-10T14:17:47+00:00\",\"author\":{\"@id\":\"https:\/\/www.correggiohockey.it\/#\/schema\/person\/a61f8605569e91b5a5214a71447a381c\"},\"breadcrumb\":{\"@id\":\"https:\/\/www.correggiohockey.it\/?p=11451#breadcrumb\"},\"inLanguage\":\"it-IT\",\"potentialAction\":[{\"@type\":\"ReadAction\",\"target\":[\"https:\/\/www.correggiohockey.it\/?p=11451\"]}]},{\"@type\":\"ImageObject\",\"inLanguage\":\"it-IT\",\"@id\":\"https:\/\/www.correggiohockey.it\/?p=11451#primaryimage\",\"url\":\"https:\/\/www.correggiohockey.it\/wp-content\/uploads\/2020\/06\/copertina-garcia.png\",\"contentUrl\":\"https:\/\/www.correggiohockey.it\/wp-content\/uploads\/2020\/06\/copertina-garcia.png\",\"width\":2408,\"height\":1189},{\"@type\":\"BreadcrumbList\",\"@id\":\"https:\/\/www.correggiohockey.it\/?p=11451#breadcrumb\",\"itemListElement\":[{\"@type\":\"ListItem\",\"position\":1,\"name\":\"Home\",\"item\":\"https:\/\/www.correggiohockey.it\/\"},{\"@type\":\"ListItem\",\"position\":2,\"name\":\"L&#8217;argentino Jeronimo Garcia completa la nuova Bidielle Correggio\"}]},{\"@type\":\"WebSite\",\"@id\":\"https:\/\/www.correggiohockey.it\/#website\",\"url\":\"https:\/\/www.correggiohockey.it\/\",\"name\":\"Correggio Hockey A.S.D.\",\"description\":\"Orgoglio emiliano, in pista dal 1997\",\"potentialAction\":[{\"@type\":\"SearchAction\",\"target\":{\"@type\":\"EntryPoint\",\"urlTemplate\":\"https:\/\/www.correggiohockey.it\/?s={search_term_string}\"},\"query-input\":{\"@type\":\"PropertyValueSpecification\",\"valueRequired\":true,\"valueName\":\"search_term_string\"}}],\"inLanguage\":\"it-IT\"},{\"@type\":\"Person\",\"@id\":\"https:\/\/www.correggiohockey.it\/#\/schema\/person\/a61f8605569e91b5a5214a71447a381c\",\"name\":\"Redazione\",\"image\":{\"@type\":\"ImageObject\",\"inLanguage\":\"it-IT\",\"@id\":\"https:\/\/www.correggiohockey.it\/#\/schema\/person\/image\/\",\"url\":\"https:\/\/secure.gravatar.com\/avatar\/3b006105bc2195f91ca1b7cbc4c2f96835141f5fa92720ece501fb7f052ed868?s=96&d=mm&r=g\",\"contentUrl\":\"https:\/\/secure.gravatar.com\/avatar\/3b006105bc2195f91ca1b7cbc4c2f96835141f5fa92720ece501fb7f052ed868?s=96&d=mm&r=g\",\"caption\":\"Redazione\"},\"url\":\"https:\/\/www.correggiohockey.it\/?author=1\"}]}<\/script>\n<!-- \/ Yoast SEO plugin. -->","yoast_head_json":{"title":"L'argentino Jeronimo Garcia completa la nuova Bidielle Correggio - Correggio Hockey A.S.D.","robots":{"index":"index","follow":"follow","max-snippet":"max-snippet:-1","max-image-preview":"max-image-preview:large","max-video-preview":"max-video-preview:-1"},"canonical":"https:\/\/www.correggiohockey.it\/?p=11451","og_locale":"it_IT","og_type":"article","og_title":"L'argentino Jeronimo Garcia completa la nuova Bidielle Correggio - Correggio Hockey A.S.D.","og_description":"Sar\u00e0 l&#8217;attaccante argentino Jeronimo Garcia Bielsa il secondo e ultimo volto nuovo della Bidielle Correggio in vista del prossimo campionato di Serie A1. Classe 1998, originario di San Juan in Argentina dove giocava nell&#8217;Olimpia Patin Club, nella stagione da poco interrotta, Garcia ha indossato la maglia rossonera del Sarzana mettendo a segno 15 reti e [&hellip;]","og_url":"https:\/\/www.correggiohockey.it\/?p=11451","og_site_name":"Correggio Hockey A.S.D.","article_published_time":"2020-06-10T14:17:46+00:00","article_modified_time":"2020-06-10T14:17:47+00:00","og_image":[{"width":2408,"height":1189,"url":"https:\/\/www.correggiohockey.it\/wp-content\/uploads\/2020\/06\/copertina-garcia.png","type":"image\/png"}],"author":"Redazione","twitter_card":"summary_large_image","twitter_misc":{"Scritto da":"Redazione","Tempo di lettura stimato":"2 minuti"},"schema":{"@context":"https:\/\/schema.org","@graph":[{"@type":"WebPage","@id":"https:\/\/www.correggiohockey.it\/?p=11451","url":"https:\/\/www.correggiohockey.it\/?p=11451","name":"L'argentino Jeronimo Garcia completa la nuova Bidielle Correggio - Correggio Hockey A.S.D.","isPartOf":{"@id":"https:\/\/www.correggiohockey.it\/#website"},"primaryImageOfPage":{"@id":"https:\/\/www.correggiohockey.it\/?p=11451#primaryimage"},"image":{"@id":"https:\/\/www.correggiohockey.it\/?p=11451#primaryimage"},"thumbnailUrl":"https:\/\/www.correggiohockey.it\/wp-content\/uploads\/2020\/06\/copertina-garcia.png","datePublished":"2020-06-10T14:17:46+00:00","dateModified":"2020-06-10T14:17:47+00:00","author":{"@id":"https:\/\/www.correggiohockey.it\/#\/schema\/person\/a61f8605569e91b5a5214a71447a381c"},"breadcrumb":{"@id":"https:\/\/www.correggiohockey.it\/?p=11451#breadcrumb"},"inLanguage":"it-IT","potentialAction":[{"@type":"ReadAction","target":["https:\/\/www.correggiohockey.it\/?p=11451"]}]},{"@type":"ImageObject","inLanguage":"it-IT","@id":"https:\/\/www.correggiohockey.it\/?p=11451#primaryimage","url":"https:\/\/www.correggiohockey.it\/wp-content\/uploads\/2020\/06\/copertina-garcia.png","contentUrl":"https:\/\/www.correggiohockey.it\/wp-content\/uploads\/2020\/06\/copertina-garcia.png","width":2408,"height":1189},{"@type":"BreadcrumbList","@id":"https:\/\/www.correggiohockey.it\/?p=11451#breadcrumb","itemListElement":[{"@type":"ListItem","position":1,"name":"Home","item":"https:\/\/www.correggiohockey.it\/"},{"@type":"ListItem","position":2,"name":"L&#8217;argentino Jeronimo Garcia completa la nuova Bidielle Correggio"}]},{"@type":"WebSite","@id":"https:\/\/www.correggiohockey.it\/#website","url":"https:\/\/www.correggiohockey.it\/","name":"Correggio Hockey A.S.D.","description":"Orgoglio emiliano, in pista dal 1997","potentialAction":[{"@type":"SearchAction","target":{"@type":"EntryPoint","urlTemplate":"https:\/\/www.correggiohockey.it\/?s={search_term_string}"},"query-input":{"@type":"PropertyValueSpecification","valueRequired":true,"valueName":"search_term_string"}}],"inLanguage":"it-IT"},{"@type":"Person","@id":"https:\/\/www.correggiohockey.it\/#\/schema\/person\/a61f8605569e91b5a5214a71447a381c","name":"Redazione","image":{"@type":"ImageObject","inLanguage":"it-IT","@id":"https:\/\/www.correggiohockey.it\/#\/schema\/person\/image\/","url":"https:\/\/secure.gravatar.com\/avatar\/3b006105bc2195f91ca1b7cbc4c2f96835141f5fa92720ece501fb7f052ed868?s=96&d=mm&r=g","contentUrl":"https:\/\/secure.gravatar.com\/avatar\/3b006105bc2195f91ca1b7cbc4c2f96835141f5fa92720ece501fb7f052ed868?s=96&d=mm&r=g","caption":"Redazione"},"url":"https:\/\/www.correggiohockey.it\/?author=1"}]}},"_links":{"self":[{"href":"https:\/\/www.correggiohockey.it\/index.php?rest_route=\/wp\/v2\/posts\/11451","targetHints":{"allow":["GET"]}}],"collection":[{"href":"https:\/\/www.correggiohockey.it\/index.php?rest_route=\/wp\/v2\/posts"}],"about":[{"href":"https:\/\/www.correggiohockey.it\/index.php?rest_route=\/wp\/v2\/types\/post"}],"author":[{"embeddable":true,"href":"https:\/\/www.correggiohockey.it\/index.php?rest_route=\/wp\/v2\/users\/1"}],"replies":[{"embeddable":true,"href":"https:\/\/www.correggiohockey.it\/index.php?rest_route=%2Fwp%2Fv2%2Fcomments&post=11451"}],"version-history":[{"count":1,"href":"https:\/\/www.correggiohockey.it\/index.php?rest_route=\/wp\/v2\/posts\/11451\/revisions"}],"predecessor-version":[{"id":11453,"href":"https:\/\/www.correggiohockey.it\/index.php?rest_route=\/wp\/v2\/posts\/11451\/revisions\/11453"}],"wp:featuredmedia":[{"embeddable":true,"href":"https:\/\/www.correggiohockey.it\/index.php?rest_route=\/wp\/v2\/media\/11452"}],"wp:attachment":[{"href":"https:\/\/www.correggiohockey.it\/index.php?rest_route=%2Fwp%2Fv2%2Fmedia&parent=11451"}],"wp:term":[{"taxonomy":"category","embeddable":true,"href":"https:\/\/www.correggiohockey.it\/index.php?rest_route=%2Fwp%2Fv2%2Fcategories&post=11451"},{"taxonomy":"post_tag","embeddable":true,"href":"https:\/\/www.correggiohockey.it\/index.php?rest_route=%2Fwp%2Fv2%2Ftags&post=11451"}],"curies":[{"name":"wp","href":"https:\/\/api.w.org\/{rel}","templated":true}]}}