{"id":11443,"date":"2020-06-07T12:27:39","date_gmt":"2020-06-07T10:27:39","guid":{"rendered":"https:\/\/www.correggiohockey.it\/?p=11443"},"modified":"2020-06-07T12:27:39","modified_gmt":"2020-06-07T10:27:39","slug":"il-fortemarmino-cosimo-mattugini-e-il-primo-rinforzo-della-nuova-bidielle","status":"publish","type":"post","link":"https:\/\/www.correggiohockey.it\/?p=11443","title":{"rendered":"Il fortemarmino Cosimo Mattugini \u00e8 il primo rinforzo della nuova Bidielle"},"content":{"rendered":"\n<p style=\"text-align: justify;\">Viene dalla squadra campione d&#8217;Italia in carica il primo rinforzo della Bidielle Correggio per la prossima stagione in Serie A1. Si tratta di Cosimo Mattugini, 20 anni appena compiuti, giovane attaccante del Forte dei Marmi, societ\u00e0 nel cui vivaio ha iniziato a giocare prima di approdare alla prima squadra due stagioni fa. <br>Mattugini si presenta a Correggio forte di due stagioni con presenza fissa nella prima squadra versiliese; nella stagione 2018-2019 ha collezionato 25 presenze con 5 reti e un assist, contribuendo allo scudetto rossobl\u00f9, mentre nel campionato interrotto dal coronavirus ha giocato 21 partite con uno score di 4 reti e 2 assist. Nella sua ancor breve carriera ci sono anche due convocazioni in azzurro: nel 2016 all&#8217;Europeo Under 17 di Mieres (Spagna) e nel 2018 all&#8217;Europeo Under 20 di Viana do Castelo (Portogallo).<br>Cosimo Mattugini \u00e8 uno dei giovani pi\u00f9 interessanti della serie A1 e Correggio \u00e8 la piazza giusta per avere pi\u00f9 minuti a disposizione per fare esperienza e dimostrare appieno il suo valore, come prima di lui hanno gi\u00e0 fatto tanti altri ragazzi passati per il &#8220;Dorando Pietri&#8221;. Del resto, dare spazio e lanciare giovani talentuosi \u00e8 da sempre la vocazione principale del Correggio Hockey, a maggior ragione da quando a guidare la Bidielle \u00e8 Mirko Bertolucci che ha personalmente condotto la trattativa per portare Mattugini a Correggio.<br>&#8220;Non vedo l&#8217;ora di iniziare questa nuova avventura -dice Mattugini- Voglio ringraziare sia la societ\u00e0 che l&#8217;allenatore per avermi dato fiducia che spero di poter ricambiare quanto prima.&#8221;<\/p>\n","protected":false},"excerpt":{"rendered":"<p>Viene dalla squadra campione d&#8217;Italia in carica il primo rinforzo della Bidielle Correggio per la prossima stagione in Serie A1. Si tratta di Cosimo Mattugini, 20 anni appena compiuti, giovane attaccante del Forte dei Marmi, societ\u00e0 nel cui vivaio ha iniziato a giocare prima di approdare alla prima squadra due stagioni fa. Mattugini si presenta [&hellip;]<\/p>\n","protected":false},"author":1,"featured_media":11444,"comment_status":"open","ping_status":"open","sticky":false,"template":"","format":"standard","meta":{"ngg_post_thumbnail":0,"footnotes":""},"categories":[34],"tags":[],"class_list":["post-11443","post","type-post","status-publish","format-standard","has-post-thumbnail","hentry","category-news"],"yoast_head":"<!-- This site is optimized with the Yoast SEO plugin v25.7 - https:\/\/yoast.com\/wordpress\/plugins\/seo\/ -->\n<title>Il fortemarmino Cosimo Mattugini \u00e8 il primo rinforzo della nuova Bidielle - Correggio Hockey A.S.D.<\/title>\n<meta name=\"robots\" content=\"index, follow, max-snippet:-1, max-image-preview:large, max-video-preview:-1\" \/>\n<link rel=\"canonical\" href=\"https:\/\/www.correggiohockey.it\/?p=11443\" \/>\n<meta property=\"og:locale\" content=\"it_IT\" \/>\n<meta property=\"og:type\" content=\"article\" \/>\n<meta property=\"og:title\" content=\"Il fortemarmino Cosimo Mattugini \u00e8 il primo rinforzo della nuova Bidielle - Correggio Hockey A.S.D.\" \/>\n<meta property=\"og:description\" content=\"Viene dalla squadra campione d&#8217;Italia in carica il primo rinforzo della Bidielle Correggio per la prossima stagione in Serie A1. Si tratta di Cosimo Mattugini, 20 anni appena compiuti, giovane attaccante del Forte dei Marmi, societ\u00e0 nel cui vivaio ha iniziato a giocare prima di approdare alla prima squadra due stagioni fa. Mattugini si presenta [&hellip;]\" \/>\n<meta property=\"og:url\" content=\"https:\/\/www.correggiohockey.it\/?p=11443\" \/>\n<meta property=\"og:site_name\" content=\"Correggio Hockey A.S.D.\" \/>\n<meta property=\"article:published_time\" content=\"2020-06-07T10:27:39+00:00\" \/>\n<meta property=\"og:image\" content=\"https:\/\/www.correggiohockey.it\/wp-content\/uploads\/2020\/06\/Mattugini-Mirko.jpeg\" \/>\n\t<meta property=\"og:image:width\" content=\"1200\" \/>\n\t<meta property=\"og:image:height\" content=\"799\" \/>\n\t<meta property=\"og:image:type\" content=\"image\/jpeg\" \/>\n<meta name=\"author\" content=\"Redazione\" \/>\n<meta name=\"twitter:card\" content=\"summary_large_image\" \/>\n<meta name=\"twitter:label1\" content=\"Scritto da\" \/>\n\t<meta name=\"twitter:data1\" content=\"Redazione\" \/>\n\t<meta name=\"twitter:label2\" content=\"Tempo di lettura stimato\" \/>\n\t<meta name=\"twitter:data2\" content=\"1 minuto\" \/>\n<script type=\"application\/ld+json\" class=\"yoast-schema-graph\">{\"@context\":\"https:\/\/schema.org\",\"@graph\":[{\"@type\":\"WebPage\",\"@id\":\"https:\/\/www.correggiohockey.it\/?p=11443\",\"url\":\"https:\/\/www.correggiohockey.it\/?p=11443\",\"name\":\"Il fortemarmino Cosimo Mattugini \u00e8 il primo rinforzo della nuova Bidielle - Correggio Hockey A.S.D.\",\"isPartOf\":{\"@id\":\"https:\/\/www.correggiohockey.it\/#website\"},\"primaryImageOfPage\":{\"@id\":\"https:\/\/www.correggiohockey.it\/?p=11443#primaryimage\"},\"image\":{\"@id\":\"https:\/\/www.correggiohockey.it\/?p=11443#primaryimage\"},\"thumbnailUrl\":\"https:\/\/www.correggiohockey.it\/wp-content\/uploads\/2020\/06\/Mattugini-Mirko.jpeg\",\"datePublished\":\"2020-06-07T10:27:39+00:00\",\"author\":{\"@id\":\"https:\/\/www.correggiohockey.it\/#\/schema\/person\/a61f8605569e91b5a5214a71447a381c\"},\"breadcrumb\":{\"@id\":\"https:\/\/www.correggiohockey.it\/?p=11443#breadcrumb\"},\"inLanguage\":\"it-IT\",\"potentialAction\":[{\"@type\":\"ReadAction\",\"target\":[\"https:\/\/www.correggiohockey.it\/?p=11443\"]}]},{\"@type\":\"ImageObject\",\"inLanguage\":\"it-IT\",\"@id\":\"https:\/\/www.correggiohockey.it\/?p=11443#primaryimage\",\"url\":\"https:\/\/www.correggiohockey.it\/wp-content\/uploads\/2020\/06\/Mattugini-Mirko.jpeg\",\"contentUrl\":\"https:\/\/www.correggiohockey.it\/wp-content\/uploads\/2020\/06\/Mattugini-Mirko.jpeg\",\"width\":1200,\"height\":799},{\"@type\":\"BreadcrumbList\",\"@id\":\"https:\/\/www.correggiohockey.it\/?p=11443#breadcrumb\",\"itemListElement\":[{\"@type\":\"ListItem\",\"position\":1,\"name\":\"Home\",\"item\":\"https:\/\/www.correggiohockey.it\/\"},{\"@type\":\"ListItem\",\"position\":2,\"name\":\"Il fortemarmino Cosimo Mattugini \u00e8 il primo rinforzo della nuova Bidielle\"}]},{\"@type\":\"WebSite\",\"@id\":\"https:\/\/www.correggiohockey.it\/#website\",\"url\":\"https:\/\/www.correggiohockey.it\/\",\"name\":\"Correggio Hockey A.S.D.\",\"description\":\"Orgoglio emiliano, in pista dal 1997\",\"potentialAction\":[{\"@type\":\"SearchAction\",\"target\":{\"@type\":\"EntryPoint\",\"urlTemplate\":\"https:\/\/www.correggiohockey.it\/?s={search_term_string}\"},\"query-input\":{\"@type\":\"PropertyValueSpecification\",\"valueRequired\":true,\"valueName\":\"search_term_string\"}}],\"inLanguage\":\"it-IT\"},{\"@type\":\"Person\",\"@id\":\"https:\/\/www.correggiohockey.it\/#\/schema\/person\/a61f8605569e91b5a5214a71447a381c\",\"name\":\"Redazione\",\"image\":{\"@type\":\"ImageObject\",\"inLanguage\":\"it-IT\",\"@id\":\"https:\/\/www.correggiohockey.it\/#\/schema\/person\/image\/\",\"url\":\"https:\/\/secure.gravatar.com\/avatar\/3b006105bc2195f91ca1b7cbc4c2f96835141f5fa92720ece501fb7f052ed868?s=96&d=mm&r=g\",\"contentUrl\":\"https:\/\/secure.gravatar.com\/avatar\/3b006105bc2195f91ca1b7cbc4c2f96835141f5fa92720ece501fb7f052ed868?s=96&d=mm&r=g\",\"caption\":\"Redazione\"},\"url\":\"https:\/\/www.correggiohockey.it\/?author=1\"}]}<\/script>\n<!-- \/ Yoast SEO plugin. -->","yoast_head_json":{"title":"Il fortemarmino Cosimo Mattugini \u00e8 il primo rinforzo della nuova Bidielle - Correggio Hockey A.S.D.","robots":{"index":"index","follow":"follow","max-snippet":"max-snippet:-1","max-image-preview":"max-image-preview:large","max-video-preview":"max-video-preview:-1"},"canonical":"https:\/\/www.correggiohockey.it\/?p=11443","og_locale":"it_IT","og_type":"article","og_title":"Il fortemarmino Cosimo Mattugini \u00e8 il primo rinforzo della nuova Bidielle - Correggio Hockey A.S.D.","og_description":"Viene dalla squadra campione d&#8217;Italia in carica il primo rinforzo della Bidielle Correggio per la prossima stagione in Serie A1. Si tratta di Cosimo Mattugini, 20 anni appena compiuti, giovane attaccante del Forte dei Marmi, societ\u00e0 nel cui vivaio ha iniziato a giocare prima di approdare alla prima squadra due stagioni fa. Mattugini si presenta [&hellip;]","og_url":"https:\/\/www.correggiohockey.it\/?p=11443","og_site_name":"Correggio Hockey A.S.D.","article_published_time":"2020-06-07T10:27:39+00:00","og_image":[{"width":1200,"height":799,"url":"https:\/\/www.correggiohockey.it\/wp-content\/uploads\/2020\/06\/Mattugini-Mirko.jpeg","type":"image\/jpeg"}],"author":"Redazione","twitter_card":"summary_large_image","twitter_misc":{"Scritto da":"Redazione","Tempo di lettura stimato":"1 minuto"},"schema":{"@context":"https:\/\/schema.org","@graph":[{"@type":"WebPage","@id":"https:\/\/www.correggiohockey.it\/?p=11443","url":"https:\/\/www.correggiohockey.it\/?p=11443","name":"Il fortemarmino Cosimo Mattugini \u00e8 il primo rinforzo della nuova Bidielle - Correggio Hockey A.S.D.","isPartOf":{"@id":"https:\/\/www.correggiohockey.it\/#website"},"primaryImageOfPage":{"@id":"https:\/\/www.correggiohockey.it\/?p=11443#primaryimage"},"image":{"@id":"https:\/\/www.correggiohockey.it\/?p=11443#primaryimage"},"thumbnailUrl":"https:\/\/www.correggiohockey.it\/wp-content\/uploads\/2020\/06\/Mattugini-Mirko.jpeg","datePublished":"2020-06-07T10:27:39+00:00","author":{"@id":"https:\/\/www.correggiohockey.it\/#\/schema\/person\/a61f8605569e91b5a5214a71447a381c"},"breadcrumb":{"@id":"https:\/\/www.correggiohockey.it\/?p=11443#breadcrumb"},"inLanguage":"it-IT","potentialAction":[{"@type":"ReadAction","target":["https:\/\/www.correggiohockey.it\/?p=11443"]}]},{"@type":"ImageObject","inLanguage":"it-IT","@id":"https:\/\/www.correggiohockey.it\/?p=11443#primaryimage","url":"https:\/\/www.correggiohockey.it\/wp-content\/uploads\/2020\/06\/Mattugini-Mirko.jpeg","contentUrl":"https:\/\/www.correggiohockey.it\/wp-content\/uploads\/2020\/06\/Mattugini-Mirko.jpeg","width":1200,"height":799},{"@type":"BreadcrumbList","@id":"https:\/\/www.correggiohockey.it\/?p=11443#breadcrumb","itemListElement":[{"@type":"ListItem","position":1,"name":"Home","item":"https:\/\/www.correggiohockey.it\/"},{"@type":"ListItem","position":2,"name":"Il fortemarmino Cosimo Mattugini \u00e8 il primo rinforzo della nuova Bidielle"}]},{"@type":"WebSite","@id":"https:\/\/www.correggiohockey.it\/#website","url":"https:\/\/www.correggiohockey.it\/","name":"Correggio Hockey A.S.D.","description":"Orgoglio emiliano, in pista dal 1997","potentialAction":[{"@type":"SearchAction","target":{"@type":"EntryPoint","urlTemplate":"https:\/\/www.correggiohockey.it\/?s={search_term_string}"},"query-input":{"@type":"PropertyValueSpecification","valueRequired":true,"valueName":"search_term_string"}}],"inLanguage":"it-IT"},{"@type":"Person","@id":"https:\/\/www.correggiohockey.it\/#\/schema\/person\/a61f8605569e91b5a5214a71447a381c","name":"Redazione","image":{"@type":"ImageObject","inLanguage":"it-IT","@id":"https:\/\/www.correggiohockey.it\/#\/schema\/person\/image\/","url":"https:\/\/secure.gravatar.com\/avatar\/3b006105bc2195f91ca1b7cbc4c2f96835141f5fa92720ece501fb7f052ed868?s=96&d=mm&r=g","contentUrl":"https:\/\/secure.gravatar.com\/avatar\/3b006105bc2195f91ca1b7cbc4c2f96835141f5fa92720ece501fb7f052ed868?s=96&d=mm&r=g","caption":"Redazione"},"url":"https:\/\/www.correggiohockey.it\/?author=1"}]}},"_links":{"self":[{"href":"https:\/\/www.correggiohockey.it\/index.php?rest_route=\/wp\/v2\/posts\/11443","targetHints":{"allow":["GET"]}}],"collection":[{"href":"https:\/\/www.correggiohockey.it\/index.php?rest_route=\/wp\/v2\/posts"}],"about":[{"href":"https:\/\/www.correggiohockey.it\/index.php?rest_route=\/wp\/v2\/types\/post"}],"author":[{"embeddable":true,"href":"https:\/\/www.correggiohockey.it\/index.php?rest_route=\/wp\/v2\/users\/1"}],"replies":[{"embeddable":true,"href":"https:\/\/www.correggiohockey.it\/index.php?rest_route=%2Fwp%2Fv2%2Fcomments&post=11443"}],"version-history":[{"count":1,"href":"https:\/\/www.correggiohockey.it\/index.php?rest_route=\/wp\/v2\/posts\/11443\/revisions"}],"predecessor-version":[{"id":11445,"href":"https:\/\/www.correggiohockey.it\/index.php?rest_route=\/wp\/v2\/posts\/11443\/revisions\/11445"}],"wp:featuredmedia":[{"embeddable":true,"href":"https:\/\/www.correggiohockey.it\/index.php?rest_route=\/wp\/v2\/media\/11444"}],"wp:attachment":[{"href":"https:\/\/www.correggiohockey.it\/index.php?rest_route=%2Fwp%2Fv2%2Fmedia&parent=11443"}],"wp:term":[{"taxonomy":"category","embeddable":true,"href":"https:\/\/www.correggiohockey.it\/index.php?rest_route=%2Fwp%2Fv2%2Fcategories&post=11443"},{"taxonomy":"post_tag","embeddable":true,"href":"https:\/\/www.correggiohockey.it\/index.php?rest_route=%2Fwp%2Fv2%2Ftags&post=11443"}],"curies":[{"name":"wp","href":"https:\/\/api.w.org\/{rel}","templated":true}]}}