{"id":11422,"date":"2020-05-13T15:03:38","date_gmt":"2020-05-13T13:03:38","guid":{"rendered":"https:\/\/www.correggiohockey.it\/?p=11422"},"modified":"2020-05-13T15:03:40","modified_gmt":"2020-05-13T13:03:40","slug":"nicolas-barbieri-resto-per-completare-cio-che-il-virus-ha-interrotto","status":"publish","type":"post","link":"https:\/\/www.correggiohockey.it\/?p=11422","title":{"rendered":"Nicolas Barbieri: &#8220;Resto per completare ci\u00f2 che il virus ha interrotto&#8221;"},"content":{"rendered":"\n<p style=\"text-align: justify;\">Oltre a Mirko Bertolucci, Enrico Zucchiatti e i giovani del vivaio promossi in prima squadra, ci sar\u00e0 anche Nicolas Barbieri tra i protagonisti della Bidielle 2020-2021. Il difensore modenese, classe 1998, si prepara a vivere la sua quarta stagione con la maglia del Correggio Hockey, la seconda di fila dopo il suo rientro da Bassano.<br>&#8220;Ho accettato subito la proposta della societ\u00e0 di vestire la maglia della Bidielle anche per la prossima stagione -dice Barbieri- Anche perch\u00e8 siamo stati costretti a lasciare incompiuta una grandissima rimonta che ci aveva portato fuori dalla zona retrocessione. Avevamo trovato il giusto equilibrio all&#8217;interno della squadra e sono certo che saremmo arrivati ai play off dove ci saremmo divertiti&#8221;.<br>&#8220;Vogliamo riprovarci anche dalla prossima stagione -prosegue il regista biancorossoblu- facendo tesoro della esperienza che abbiamo fatto e che condividiamo come gruppo. Sar\u00e0 certamente una stagione particolare e diversa; ma lo sar\u00e0 per tutti, non solo per noi. Emerger\u00e0 chi si adatter\u00e0 per primo alle nuove condizioni. Personalmente non vedo l&#8217;ora di riprendere ad allenarmi, appena ce ne saranno le condizioni&#8221;.<\/p>\n<p style=\"text-align: justify;\">Intanto, il Correggio Hockey studia il modo per riprendere l&#8217;attivit\u00e0 in pista. I dirigenti sono alle prese con i protocolli di sicurezza da mettere in pratica al Palasport di Correggio, in modo da farsi trovare pronti nel momento in cui il Comune di Correggio dar\u00e0 il via libera per la ripresa, seppur parziale, delle attivit\u00e0. L&#8217;obiettivo, infatti, \u00e8 quello di riprendere gradatamente gli allenamenti, partendo dagli atleti senior per poi arrivare, nel tempo che sar\u00e0 necessario, a far nuovamente allenare anche il settore giovanile. Che, nel frattempo, resta in allenamento da casa. Nei giorni scorsi, Mirko Bertolucci e Cesc Campor hanno condotto allenamenti in diretta online per i giocatori e i portieri biancorossobl\u00f9.<\/p>\n","protected":false},"excerpt":{"rendered":"<p>Oltre a Mirko Bertolucci, Enrico Zucchiatti e i giovani del vivaio promossi in prima squadra, ci sar\u00e0 anche Nicolas Barbieri tra i protagonisti della Bidielle 2020-2021. Il difensore modenese, classe 1998, si prepara a vivere la sua quarta stagione con la maglia del Correggio Hockey, la seconda di fila dopo il suo rientro da Bassano.&#8220;Ho [&hellip;]<\/p>\n","protected":false},"author":1,"featured_media":11423,"comment_status":"open","ping_status":"open","sticky":false,"template":"","format":"standard","meta":{"ngg_post_thumbnail":0,"footnotes":""},"categories":[34],"tags":[],"class_list":["post-11422","post","type-post","status-publish","format-standard","has-post-thumbnail","hentry","category-news"],"yoast_head":"<!-- This site is optimized with the Yoast SEO plugin v25.7 - https:\/\/yoast.com\/wordpress\/plugins\/seo\/ -->\n<title>Nicolas Barbieri: &quot;Resto per completare ci\u00f2 che il virus ha interrotto&quot; - Correggio Hockey A.S.D.<\/title>\n<meta name=\"robots\" content=\"index, follow, max-snippet:-1, max-image-preview:large, max-video-preview:-1\" \/>\n<link rel=\"canonical\" href=\"https:\/\/www.correggiohockey.it\/?p=11422\" \/>\n<meta property=\"og:locale\" content=\"it_IT\" \/>\n<meta property=\"og:type\" content=\"article\" \/>\n<meta property=\"og:title\" content=\"Nicolas Barbieri: &quot;Resto per completare ci\u00f2 che il virus ha interrotto&quot; - Correggio Hockey A.S.D.\" \/>\n<meta property=\"og:description\" content=\"Oltre a Mirko Bertolucci, Enrico Zucchiatti e i giovani del vivaio promossi in prima squadra, ci sar\u00e0 anche Nicolas Barbieri tra i protagonisti della Bidielle 2020-2021. Il difensore modenese, classe 1998, si prepara a vivere la sua quarta stagione con la maglia del Correggio Hockey, la seconda di fila dopo il suo rientro da Bassano.&#8220;Ho [&hellip;]\" \/>\n<meta property=\"og:url\" content=\"https:\/\/www.correggiohockey.it\/?p=11422\" \/>\n<meta property=\"og:site_name\" content=\"Correggio Hockey A.S.D.\" \/>\n<meta property=\"article:published_time\" content=\"2020-05-13T13:03:38+00:00\" \/>\n<meta property=\"article:modified_time\" content=\"2020-05-13T13:03:40+00:00\" \/>\n<meta property=\"og:image\" content=\"https:\/\/www.correggiohockey.it\/wp-content\/uploads\/2020\/05\/20-02-09-Correggio-Montebello6.jpeg\" \/>\n\t<meta property=\"og:image:width\" content=\"2000\" \/>\n\t<meta property=\"og:image:height\" content=\"1270\" \/>\n\t<meta property=\"og:image:type\" content=\"image\/jpeg\" \/>\n<meta name=\"author\" content=\"Redazione\" \/>\n<meta name=\"twitter:card\" content=\"summary_large_image\" \/>\n<meta name=\"twitter:label1\" content=\"Scritto da\" \/>\n\t<meta name=\"twitter:data1\" content=\"Redazione\" \/>\n\t<meta name=\"twitter:label2\" content=\"Tempo di lettura stimato\" \/>\n\t<meta name=\"twitter:data2\" content=\"1 minuto\" \/>\n<script type=\"application\/ld+json\" class=\"yoast-schema-graph\">{\"@context\":\"https:\/\/schema.org\",\"@graph\":[{\"@type\":\"WebPage\",\"@id\":\"https:\/\/www.correggiohockey.it\/?p=11422\",\"url\":\"https:\/\/www.correggiohockey.it\/?p=11422\",\"name\":\"Nicolas Barbieri: \\\"Resto per completare ci\u00f2 che il virus ha interrotto\\\" - Correggio Hockey A.S.D.\",\"isPartOf\":{\"@id\":\"https:\/\/www.correggiohockey.it\/#website\"},\"primaryImageOfPage\":{\"@id\":\"https:\/\/www.correggiohockey.it\/?p=11422#primaryimage\"},\"image\":{\"@id\":\"https:\/\/www.correggiohockey.it\/?p=11422#primaryimage\"},\"thumbnailUrl\":\"https:\/\/www.correggiohockey.it\/wp-content\/uploads\/2020\/05\/20-02-09-Correggio-Montebello6.jpeg\",\"datePublished\":\"2020-05-13T13:03:38+00:00\",\"dateModified\":\"2020-05-13T13:03:40+00:00\",\"author\":{\"@id\":\"https:\/\/www.correggiohockey.it\/#\/schema\/person\/a61f8605569e91b5a5214a71447a381c\"},\"breadcrumb\":{\"@id\":\"https:\/\/www.correggiohockey.it\/?p=11422#breadcrumb\"},\"inLanguage\":\"it-IT\",\"potentialAction\":[{\"@type\":\"ReadAction\",\"target\":[\"https:\/\/www.correggiohockey.it\/?p=11422\"]}]},{\"@type\":\"ImageObject\",\"inLanguage\":\"it-IT\",\"@id\":\"https:\/\/www.correggiohockey.it\/?p=11422#primaryimage\",\"url\":\"https:\/\/www.correggiohockey.it\/wp-content\/uploads\/2020\/05\/20-02-09-Correggio-Montebello6.jpeg\",\"contentUrl\":\"https:\/\/www.correggiohockey.it\/wp-content\/uploads\/2020\/05\/20-02-09-Correggio-Montebello6.jpeg\",\"width\":2000,\"height\":1270},{\"@type\":\"BreadcrumbList\",\"@id\":\"https:\/\/www.correggiohockey.it\/?p=11422#breadcrumb\",\"itemListElement\":[{\"@type\":\"ListItem\",\"position\":1,\"name\":\"Home\",\"item\":\"https:\/\/www.correggiohockey.it\/\"},{\"@type\":\"ListItem\",\"position\":2,\"name\":\"Nicolas Barbieri: &#8220;Resto per completare ci\u00f2 che il virus ha interrotto&#8221;\"}]},{\"@type\":\"WebSite\",\"@id\":\"https:\/\/www.correggiohockey.it\/#website\",\"url\":\"https:\/\/www.correggiohockey.it\/\",\"name\":\"Correggio Hockey A.S.D.\",\"description\":\"Orgoglio emiliano, in pista dal 1997\",\"potentialAction\":[{\"@type\":\"SearchAction\",\"target\":{\"@type\":\"EntryPoint\",\"urlTemplate\":\"https:\/\/www.correggiohockey.it\/?s={search_term_string}\"},\"query-input\":{\"@type\":\"PropertyValueSpecification\",\"valueRequired\":true,\"valueName\":\"search_term_string\"}}],\"inLanguage\":\"it-IT\"},{\"@type\":\"Person\",\"@id\":\"https:\/\/www.correggiohockey.it\/#\/schema\/person\/a61f8605569e91b5a5214a71447a381c\",\"name\":\"Redazione\",\"image\":{\"@type\":\"ImageObject\",\"inLanguage\":\"it-IT\",\"@id\":\"https:\/\/www.correggiohockey.it\/#\/schema\/person\/image\/\",\"url\":\"https:\/\/secure.gravatar.com\/avatar\/3b006105bc2195f91ca1b7cbc4c2f96835141f5fa92720ece501fb7f052ed868?s=96&d=mm&r=g\",\"contentUrl\":\"https:\/\/secure.gravatar.com\/avatar\/3b006105bc2195f91ca1b7cbc4c2f96835141f5fa92720ece501fb7f052ed868?s=96&d=mm&r=g\",\"caption\":\"Redazione\"},\"url\":\"https:\/\/www.correggiohockey.it\/?author=1\"}]}<\/script>\n<!-- \/ Yoast SEO plugin. -->","yoast_head_json":{"title":"Nicolas Barbieri: \"Resto per completare ci\u00f2 che il virus ha interrotto\" - Correggio Hockey A.S.D.","robots":{"index":"index","follow":"follow","max-snippet":"max-snippet:-1","max-image-preview":"max-image-preview:large","max-video-preview":"max-video-preview:-1"},"canonical":"https:\/\/www.correggiohockey.it\/?p=11422","og_locale":"it_IT","og_type":"article","og_title":"Nicolas Barbieri: \"Resto per completare ci\u00f2 che il virus ha interrotto\" - Correggio Hockey A.S.D.","og_description":"Oltre a Mirko Bertolucci, Enrico Zucchiatti e i giovani del vivaio promossi in prima squadra, ci sar\u00e0 anche Nicolas Barbieri tra i protagonisti della Bidielle 2020-2021. Il difensore modenese, classe 1998, si prepara a vivere la sua quarta stagione con la maglia del Correggio Hockey, la seconda di fila dopo il suo rientro da Bassano.&#8220;Ho [&hellip;]","og_url":"https:\/\/www.correggiohockey.it\/?p=11422","og_site_name":"Correggio Hockey A.S.D.","article_published_time":"2020-05-13T13:03:38+00:00","article_modified_time":"2020-05-13T13:03:40+00:00","og_image":[{"width":2000,"height":1270,"url":"https:\/\/www.correggiohockey.it\/wp-content\/uploads\/2020\/05\/20-02-09-Correggio-Montebello6.jpeg","type":"image\/jpeg"}],"author":"Redazione","twitter_card":"summary_large_image","twitter_misc":{"Scritto da":"Redazione","Tempo di lettura stimato":"1 minuto"},"schema":{"@context":"https:\/\/schema.org","@graph":[{"@type":"WebPage","@id":"https:\/\/www.correggiohockey.it\/?p=11422","url":"https:\/\/www.correggiohockey.it\/?p=11422","name":"Nicolas Barbieri: \"Resto per completare ci\u00f2 che il virus ha interrotto\" - Correggio Hockey A.S.D.","isPartOf":{"@id":"https:\/\/www.correggiohockey.it\/#website"},"primaryImageOfPage":{"@id":"https:\/\/www.correggiohockey.it\/?p=11422#primaryimage"},"image":{"@id":"https:\/\/www.correggiohockey.it\/?p=11422#primaryimage"},"thumbnailUrl":"https:\/\/www.correggiohockey.it\/wp-content\/uploads\/2020\/05\/20-02-09-Correggio-Montebello6.jpeg","datePublished":"2020-05-13T13:03:38+00:00","dateModified":"2020-05-13T13:03:40+00:00","author":{"@id":"https:\/\/www.correggiohockey.it\/#\/schema\/person\/a61f8605569e91b5a5214a71447a381c"},"breadcrumb":{"@id":"https:\/\/www.correggiohockey.it\/?p=11422#breadcrumb"},"inLanguage":"it-IT","potentialAction":[{"@type":"ReadAction","target":["https:\/\/www.correggiohockey.it\/?p=11422"]}]},{"@type":"ImageObject","inLanguage":"it-IT","@id":"https:\/\/www.correggiohockey.it\/?p=11422#primaryimage","url":"https:\/\/www.correggiohockey.it\/wp-content\/uploads\/2020\/05\/20-02-09-Correggio-Montebello6.jpeg","contentUrl":"https:\/\/www.correggiohockey.it\/wp-content\/uploads\/2020\/05\/20-02-09-Correggio-Montebello6.jpeg","width":2000,"height":1270},{"@type":"BreadcrumbList","@id":"https:\/\/www.correggiohockey.it\/?p=11422#breadcrumb","itemListElement":[{"@type":"ListItem","position":1,"name":"Home","item":"https:\/\/www.correggiohockey.it\/"},{"@type":"ListItem","position":2,"name":"Nicolas Barbieri: &#8220;Resto per completare ci\u00f2 che il virus ha interrotto&#8221;"}]},{"@type":"WebSite","@id":"https:\/\/www.correggiohockey.it\/#website","url":"https:\/\/www.correggiohockey.it\/","name":"Correggio Hockey A.S.D.","description":"Orgoglio emiliano, in pista dal 1997","potentialAction":[{"@type":"SearchAction","target":{"@type":"EntryPoint","urlTemplate":"https:\/\/www.correggiohockey.it\/?s={search_term_string}"},"query-input":{"@type":"PropertyValueSpecification","valueRequired":true,"valueName":"search_term_string"}}],"inLanguage":"it-IT"},{"@type":"Person","@id":"https:\/\/www.correggiohockey.it\/#\/schema\/person\/a61f8605569e91b5a5214a71447a381c","name":"Redazione","image":{"@type":"ImageObject","inLanguage":"it-IT","@id":"https:\/\/www.correggiohockey.it\/#\/schema\/person\/image\/","url":"https:\/\/secure.gravatar.com\/avatar\/3b006105bc2195f91ca1b7cbc4c2f96835141f5fa92720ece501fb7f052ed868?s=96&d=mm&r=g","contentUrl":"https:\/\/secure.gravatar.com\/avatar\/3b006105bc2195f91ca1b7cbc4c2f96835141f5fa92720ece501fb7f052ed868?s=96&d=mm&r=g","caption":"Redazione"},"url":"https:\/\/www.correggiohockey.it\/?author=1"}]}},"_links":{"self":[{"href":"https:\/\/www.correggiohockey.it\/index.php?rest_route=\/wp\/v2\/posts\/11422","targetHints":{"allow":["GET"]}}],"collection":[{"href":"https:\/\/www.correggiohockey.it\/index.php?rest_route=\/wp\/v2\/posts"}],"about":[{"href":"https:\/\/www.correggiohockey.it\/index.php?rest_route=\/wp\/v2\/types\/post"}],"author":[{"embeddable":true,"href":"https:\/\/www.correggiohockey.it\/index.php?rest_route=\/wp\/v2\/users\/1"}],"replies":[{"embeddable":true,"href":"https:\/\/www.correggiohockey.it\/index.php?rest_route=%2Fwp%2Fv2%2Fcomments&post=11422"}],"version-history":[{"count":1,"href":"https:\/\/www.correggiohockey.it\/index.php?rest_route=\/wp\/v2\/posts\/11422\/revisions"}],"predecessor-version":[{"id":11424,"href":"https:\/\/www.correggiohockey.it\/index.php?rest_route=\/wp\/v2\/posts\/11422\/revisions\/11424"}],"wp:featuredmedia":[{"embeddable":true,"href":"https:\/\/www.correggiohockey.it\/index.php?rest_route=\/wp\/v2\/media\/11423"}],"wp:attachment":[{"href":"https:\/\/www.correggiohockey.it\/index.php?rest_route=%2Fwp%2Fv2%2Fmedia&parent=11422"}],"wp:term":[{"taxonomy":"category","embeddable":true,"href":"https:\/\/www.correggiohockey.it\/index.php?rest_route=%2Fwp%2Fv2%2Fcategories&post=11422"},{"taxonomy":"post_tag","embeddable":true,"href":"https:\/\/www.correggiohockey.it\/index.php?rest_route=%2Fwp%2Fv2%2Ftags&post=11422"}],"curies":[{"name":"wp","href":"https:\/\/api.w.org\/{rel}","templated":true}]}}