{"id":11412,"date":"2020-04-30T15:53:38","date_gmt":"2020-04-30T13:53:38","guid":{"rendered":"https:\/\/www.correggiohockey.it\/?p=11412"},"modified":"2020-04-30T15:53:40","modified_gmt":"2020-04-30T13:53:40","slug":"verso-una-serie-a1-piu-larga-e-la-bidielle-promuove-i-giovani-in-prima-squadra","status":"publish","type":"post","link":"https:\/\/www.correggiohockey.it\/?p=11412","title":{"rendered":"Verso una serie A1 pi\u00f9 larga. E la Bidielle promuove i giovani in prima squadra"},"content":{"rendered":"\n<p style=\"text-align: justify;\">Sono giorni febbrili per il futuro dell&#8217;hockey italiano che, dopo avere ufficializzato il 16 aprile scorso lo stop a tutti i campionati e i primi aiuti economici, il prossimo 4 maggio torner\u00e0 sotto i riflettori del Consiglio Federale per l&#8217;ufficializzazione di altre importanti decisioni.<br>La settimana scorsa i vertici federali, con in testa il presidente Sabatino Aracu, hanno incontrato in videoconferenza prima le societ\u00e0 di Serie A1 (per la Bidielle c&#8217;erano il presidente Ferretti e il vice Vezzani) e poi quelle di Serie A2 per stabilire la linea lungo la quale muoversi. Aracu ha preannunciato che proporr\u00e0 al Consiglio Federale di azzerare la tassa di iscrizione ai campionati e le tasse gara per tutte le categorie; sarebbe una bella boccata di ossigeno per le societ\u00e0 eviterebbero esborsi per oltre 10mila euro, considerando anche l&#8217;azzeramento, gi\u00e0 approvato il 16 aprile, dei costi di affiliazione e di tesseramento.<br>Si annunciano importanti novit\u00e0 anche dal punto di vista sportivo. L&#8217;obiettivo della FISR \u00e8 di evitare a tutti i costi un campionato di serie A1 con medo di 14 squadre. Solitamente il problema si risolverebbe a luglio, dopo la chiusura delle iscrizioni, con eventuali ripescaggi. Ma la situazione attuale e le difficolt\u00e0 palesate da un paio di club rendono troppo rischioso attendere l&#8217;estate. Per questo la FISR giocher\u00e0 d&#8217;anticipo e proporr\u00e0 la concessione di due &#8220;wild card&#8221; per la massima serie a CP Grosseto e Amatori Modena, le migliori squadre della serie A2 prima dell&#8217;interruzione. Allo stesso modo, Hockey Vercelli e Rotellistica Camaiore saranno invitate ad iscriversi alla serie A2 dove si punta alla conferma di 12 squadre iscritte. Il numero di partecipanti reali al campionato di Serie A1 si conoscer\u00e0 a luglio, dopo la chiusura delle iscrizioni: potrebbero essere tra le 14 e le 16. L&#8217;unica cosa certa \u00e8 che il numero di partecipanti dovr\u00e0 tornare a 14 nella stagione 2021\/22 per cui potrebbero esserci pi\u00f9 di due retrocessioni.<br>I derby emiliani di serie A1 potrebbero quindi triplicare: dai due di questa stagione ai sei della prossima, con Bidielle, Scandiano e Modena inedite protagoniste. La prima e ultima volta con tre emiliane in serie A1 fu nella stagione 1991-92 con Correggio, Reggiana e Amatori Reggio Emilia, e anche allora la serie A1 era a 16 squadre. Per Correggio non and\u00f2 benissimo: dopo avere mancato per 2 punti i play off e chiuso la regular season all&#8217;11\u00b0 posto, la squadra retrocesse in serie A2 al termine dei play out.<br>Intanto la Bidielle prosegue nella costruzione del gruppo che affronter\u00e0 la prossima serie A1 che sar\u00e0 composto da 10 esterni e 3 portieri sotto la guida di Mirko Bertolucci e Pablo Jara. Del gruppo faranno parte anche alcuni dei protagonisti della passata stagione in serie B con la Minimotor che saranno stabilmente aggregati alla prima squadra. Si tratta dei 18enni Diego Casari e Ernest Cinquini e dei 17enni Alessio Caroli e Edoardo Righi.<br>&#8220;Con questo inserimento -dice soddisfatto Mirko Bertolucci nella sua veste di direttore tecnico- capitalizziamo il lavoro fatto nella passata stagione assieme a questi ragazzi che adesso hanno gli strumenti per confrontarsi al massimo livello, nonostante ci sia ancora molto lavoro da fare. Questo \u00e8 lo spirito che ci accompagner\u00e0 anche per la prossima stagione nella programmazione del settore giovanile del Correggio Hockey del quale ci stiamo gi\u00e0 occupando in questi giorni per essere pronti a ripartire quando ce ne sar\u00e0 data la possibilit\u00e0&#8221;.<\/p>\n","protected":false},"excerpt":{"rendered":"<p>Sono giorni febbrili per il futuro dell&#8217;hockey italiano che, dopo avere ufficializzato il 16 aprile scorso lo stop a tutti i campionati e i primi aiuti economici, il prossimo 4 maggio torner\u00e0 sotto i riflettori del Consiglio Federale per l&#8217;ufficializzazione di altre importanti decisioni.La settimana scorsa i vertici federali, con in testa il presidente Sabatino [&hellip;]<\/p>\n","protected":false},"author":1,"featured_media":11413,"comment_status":"open","ping_status":"open","sticky":false,"template":"","format":"standard","meta":{"ngg_post_thumbnail":0,"footnotes":""},"categories":[34],"tags":[],"class_list":["post-11412","post","type-post","status-publish","format-standard","has-post-thumbnail","hentry","category-news"],"yoast_head":"<!-- This site is optimized with the Yoast SEO plugin v25.7 - https:\/\/yoast.com\/wordpress\/plugins\/seo\/ -->\n<title>Verso una serie A1 pi\u00f9 larga. E la Bidielle promuove i giovani in prima squadra - Correggio Hockey A.S.D.<\/title>\n<meta name=\"robots\" content=\"index, follow, max-snippet:-1, max-image-preview:large, max-video-preview:-1\" \/>\n<link rel=\"canonical\" href=\"https:\/\/www.correggiohockey.it\/?p=11412\" \/>\n<meta property=\"og:locale\" content=\"it_IT\" \/>\n<meta property=\"og:type\" content=\"article\" \/>\n<meta property=\"og:title\" content=\"Verso una serie A1 pi\u00f9 larga. E la Bidielle promuove i giovani in prima squadra - Correggio Hockey A.S.D.\" \/>\n<meta property=\"og:description\" content=\"Sono giorni febbrili per il futuro dell&#8217;hockey italiano che, dopo avere ufficializzato il 16 aprile scorso lo stop a tutti i campionati e i primi aiuti economici, il prossimo 4 maggio torner\u00e0 sotto i riflettori del Consiglio Federale per l&#8217;ufficializzazione di altre importanti decisioni.La settimana scorsa i vertici federali, con in testa il presidente Sabatino [&hellip;]\" \/>\n<meta property=\"og:url\" content=\"https:\/\/www.correggiohockey.it\/?p=11412\" \/>\n<meta property=\"og:site_name\" content=\"Correggio Hockey A.S.D.\" \/>\n<meta property=\"article:published_time\" content=\"2020-04-30T13:53:38+00:00\" \/>\n<meta property=\"article:modified_time\" content=\"2020-04-30T13:53:40+00:00\" \/>\n<meta property=\"og:image\" content=\"https:\/\/www.correggiohockey.it\/wp-content\/uploads\/2020\/04\/20-02-01-MinimCorreggio-PicoMirandola31.jpeg\" \/>\n\t<meta property=\"og:image:width\" content=\"1419\" \/>\n\t<meta property=\"og:image:height\" content=\"745\" \/>\n\t<meta property=\"og:image:type\" content=\"image\/jpeg\" \/>\n<meta name=\"author\" content=\"Redazione\" \/>\n<meta name=\"twitter:card\" content=\"summary_large_image\" \/>\n<meta name=\"twitter:label1\" content=\"Scritto da\" \/>\n\t<meta name=\"twitter:data1\" content=\"Redazione\" \/>\n\t<meta name=\"twitter:label2\" content=\"Tempo di lettura stimato\" \/>\n\t<meta name=\"twitter:data2\" content=\"3 minuti\" \/>\n<script type=\"application\/ld+json\" class=\"yoast-schema-graph\">{\"@context\":\"https:\/\/schema.org\",\"@graph\":[{\"@type\":\"WebPage\",\"@id\":\"https:\/\/www.correggiohockey.it\/?p=11412\",\"url\":\"https:\/\/www.correggiohockey.it\/?p=11412\",\"name\":\"Verso una serie A1 pi\u00f9 larga. E la Bidielle promuove i giovani in prima squadra - Correggio Hockey A.S.D.\",\"isPartOf\":{\"@id\":\"https:\/\/www.correggiohockey.it\/#website\"},\"primaryImageOfPage\":{\"@id\":\"https:\/\/www.correggiohockey.it\/?p=11412#primaryimage\"},\"image\":{\"@id\":\"https:\/\/www.correggiohockey.it\/?p=11412#primaryimage\"},\"thumbnailUrl\":\"https:\/\/www.correggiohockey.it\/wp-content\/uploads\/2020\/04\/20-02-01-MinimCorreggio-PicoMirandola31.jpeg\",\"datePublished\":\"2020-04-30T13:53:38+00:00\",\"dateModified\":\"2020-04-30T13:53:40+00:00\",\"author\":{\"@id\":\"https:\/\/www.correggiohockey.it\/#\/schema\/person\/a61f8605569e91b5a5214a71447a381c\"},\"breadcrumb\":{\"@id\":\"https:\/\/www.correggiohockey.it\/?p=11412#breadcrumb\"},\"inLanguage\":\"it-IT\",\"potentialAction\":[{\"@type\":\"ReadAction\",\"target\":[\"https:\/\/www.correggiohockey.it\/?p=11412\"]}]},{\"@type\":\"ImageObject\",\"inLanguage\":\"it-IT\",\"@id\":\"https:\/\/www.correggiohockey.it\/?p=11412#primaryimage\",\"url\":\"https:\/\/www.correggiohockey.it\/wp-content\/uploads\/2020\/04\/20-02-01-MinimCorreggio-PicoMirandola31.jpeg\",\"contentUrl\":\"https:\/\/www.correggiohockey.it\/wp-content\/uploads\/2020\/04\/20-02-01-MinimCorreggio-PicoMirandola31.jpeg\",\"width\":1419,\"height\":745},{\"@type\":\"BreadcrumbList\",\"@id\":\"https:\/\/www.correggiohockey.it\/?p=11412#breadcrumb\",\"itemListElement\":[{\"@type\":\"ListItem\",\"position\":1,\"name\":\"Home\",\"item\":\"https:\/\/www.correggiohockey.it\/\"},{\"@type\":\"ListItem\",\"position\":2,\"name\":\"Verso una serie A1 pi\u00f9 larga. E la Bidielle promuove i giovani in prima squadra\"}]},{\"@type\":\"WebSite\",\"@id\":\"https:\/\/www.correggiohockey.it\/#website\",\"url\":\"https:\/\/www.correggiohockey.it\/\",\"name\":\"Correggio Hockey A.S.D.\",\"description\":\"Orgoglio emiliano, in pista dal 1997\",\"potentialAction\":[{\"@type\":\"SearchAction\",\"target\":{\"@type\":\"EntryPoint\",\"urlTemplate\":\"https:\/\/www.correggiohockey.it\/?s={search_term_string}\"},\"query-input\":{\"@type\":\"PropertyValueSpecification\",\"valueRequired\":true,\"valueName\":\"search_term_string\"}}],\"inLanguage\":\"it-IT\"},{\"@type\":\"Person\",\"@id\":\"https:\/\/www.correggiohockey.it\/#\/schema\/person\/a61f8605569e91b5a5214a71447a381c\",\"name\":\"Redazione\",\"image\":{\"@type\":\"ImageObject\",\"inLanguage\":\"it-IT\",\"@id\":\"https:\/\/www.correggiohockey.it\/#\/schema\/person\/image\/\",\"url\":\"https:\/\/secure.gravatar.com\/avatar\/3b006105bc2195f91ca1b7cbc4c2f96835141f5fa92720ece501fb7f052ed868?s=96&d=mm&r=g\",\"contentUrl\":\"https:\/\/secure.gravatar.com\/avatar\/3b006105bc2195f91ca1b7cbc4c2f96835141f5fa92720ece501fb7f052ed868?s=96&d=mm&r=g\",\"caption\":\"Redazione\"},\"url\":\"https:\/\/www.correggiohockey.it\/?author=1\"}]}<\/script>\n<!-- \/ Yoast SEO plugin. -->","yoast_head_json":{"title":"Verso una serie A1 pi\u00f9 larga. E la Bidielle promuove i giovani in prima squadra - Correggio Hockey A.S.D.","robots":{"index":"index","follow":"follow","max-snippet":"max-snippet:-1","max-image-preview":"max-image-preview:large","max-video-preview":"max-video-preview:-1"},"canonical":"https:\/\/www.correggiohockey.it\/?p=11412","og_locale":"it_IT","og_type":"article","og_title":"Verso una serie A1 pi\u00f9 larga. E la Bidielle promuove i giovani in prima squadra - Correggio Hockey A.S.D.","og_description":"Sono giorni febbrili per il futuro dell&#8217;hockey italiano che, dopo avere ufficializzato il 16 aprile scorso lo stop a tutti i campionati e i primi aiuti economici, il prossimo 4 maggio torner\u00e0 sotto i riflettori del Consiglio Federale per l&#8217;ufficializzazione di altre importanti decisioni.La settimana scorsa i vertici federali, con in testa il presidente Sabatino [&hellip;]","og_url":"https:\/\/www.correggiohockey.it\/?p=11412","og_site_name":"Correggio Hockey A.S.D.","article_published_time":"2020-04-30T13:53:38+00:00","article_modified_time":"2020-04-30T13:53:40+00:00","og_image":[{"width":1419,"height":745,"url":"https:\/\/www.correggiohockey.it\/wp-content\/uploads\/2020\/04\/20-02-01-MinimCorreggio-PicoMirandola31.jpeg","type":"image\/jpeg"}],"author":"Redazione","twitter_card":"summary_large_image","twitter_misc":{"Scritto da":"Redazione","Tempo di lettura stimato":"3 minuti"},"schema":{"@context":"https:\/\/schema.org","@graph":[{"@type":"WebPage","@id":"https:\/\/www.correggiohockey.it\/?p=11412","url":"https:\/\/www.correggiohockey.it\/?p=11412","name":"Verso una serie A1 pi\u00f9 larga. E la Bidielle promuove i giovani in prima squadra - Correggio Hockey A.S.D.","isPartOf":{"@id":"https:\/\/www.correggiohockey.it\/#website"},"primaryImageOfPage":{"@id":"https:\/\/www.correggiohockey.it\/?p=11412#primaryimage"},"image":{"@id":"https:\/\/www.correggiohockey.it\/?p=11412#primaryimage"},"thumbnailUrl":"https:\/\/www.correggiohockey.it\/wp-content\/uploads\/2020\/04\/20-02-01-MinimCorreggio-PicoMirandola31.jpeg","datePublished":"2020-04-30T13:53:38+00:00","dateModified":"2020-04-30T13:53:40+00:00","author":{"@id":"https:\/\/www.correggiohockey.it\/#\/schema\/person\/a61f8605569e91b5a5214a71447a381c"},"breadcrumb":{"@id":"https:\/\/www.correggiohockey.it\/?p=11412#breadcrumb"},"inLanguage":"it-IT","potentialAction":[{"@type":"ReadAction","target":["https:\/\/www.correggiohockey.it\/?p=11412"]}]},{"@type":"ImageObject","inLanguage":"it-IT","@id":"https:\/\/www.correggiohockey.it\/?p=11412#primaryimage","url":"https:\/\/www.correggiohockey.it\/wp-content\/uploads\/2020\/04\/20-02-01-MinimCorreggio-PicoMirandola31.jpeg","contentUrl":"https:\/\/www.correggiohockey.it\/wp-content\/uploads\/2020\/04\/20-02-01-MinimCorreggio-PicoMirandola31.jpeg","width":1419,"height":745},{"@type":"BreadcrumbList","@id":"https:\/\/www.correggiohockey.it\/?p=11412#breadcrumb","itemListElement":[{"@type":"ListItem","position":1,"name":"Home","item":"https:\/\/www.correggiohockey.it\/"},{"@type":"ListItem","position":2,"name":"Verso una serie A1 pi\u00f9 larga. E la Bidielle promuove i giovani in prima squadra"}]},{"@type":"WebSite","@id":"https:\/\/www.correggiohockey.it\/#website","url":"https:\/\/www.correggiohockey.it\/","name":"Correggio Hockey A.S.D.","description":"Orgoglio emiliano, in pista dal 1997","potentialAction":[{"@type":"SearchAction","target":{"@type":"EntryPoint","urlTemplate":"https:\/\/www.correggiohockey.it\/?s={search_term_string}"},"query-input":{"@type":"PropertyValueSpecification","valueRequired":true,"valueName":"search_term_string"}}],"inLanguage":"it-IT"},{"@type":"Person","@id":"https:\/\/www.correggiohockey.it\/#\/schema\/person\/a61f8605569e91b5a5214a71447a381c","name":"Redazione","image":{"@type":"ImageObject","inLanguage":"it-IT","@id":"https:\/\/www.correggiohockey.it\/#\/schema\/person\/image\/","url":"https:\/\/secure.gravatar.com\/avatar\/3b006105bc2195f91ca1b7cbc4c2f96835141f5fa92720ece501fb7f052ed868?s=96&d=mm&r=g","contentUrl":"https:\/\/secure.gravatar.com\/avatar\/3b006105bc2195f91ca1b7cbc4c2f96835141f5fa92720ece501fb7f052ed868?s=96&d=mm&r=g","caption":"Redazione"},"url":"https:\/\/www.correggiohockey.it\/?author=1"}]}},"_links":{"self":[{"href":"https:\/\/www.correggiohockey.it\/index.php?rest_route=\/wp\/v2\/posts\/11412","targetHints":{"allow":["GET"]}}],"collection":[{"href":"https:\/\/www.correggiohockey.it\/index.php?rest_route=\/wp\/v2\/posts"}],"about":[{"href":"https:\/\/www.correggiohockey.it\/index.php?rest_route=\/wp\/v2\/types\/post"}],"author":[{"embeddable":true,"href":"https:\/\/www.correggiohockey.it\/index.php?rest_route=\/wp\/v2\/users\/1"}],"replies":[{"embeddable":true,"href":"https:\/\/www.correggiohockey.it\/index.php?rest_route=%2Fwp%2Fv2%2Fcomments&post=11412"}],"version-history":[{"count":1,"href":"https:\/\/www.correggiohockey.it\/index.php?rest_route=\/wp\/v2\/posts\/11412\/revisions"}],"predecessor-version":[{"id":11414,"href":"https:\/\/www.correggiohockey.it\/index.php?rest_route=\/wp\/v2\/posts\/11412\/revisions\/11414"}],"wp:featuredmedia":[{"embeddable":true,"href":"https:\/\/www.correggiohockey.it\/index.php?rest_route=\/wp\/v2\/media\/11413"}],"wp:attachment":[{"href":"https:\/\/www.correggiohockey.it\/index.php?rest_route=%2Fwp%2Fv2%2Fmedia&parent=11412"}],"wp:term":[{"taxonomy":"category","embeddable":true,"href":"https:\/\/www.correggiohockey.it\/index.php?rest_route=%2Fwp%2Fv2%2Fcategories&post=11412"},{"taxonomy":"post_tag","embeddable":true,"href":"https:\/\/www.correggiohockey.it\/index.php?rest_route=%2Fwp%2Fv2%2Ftags&post=11412"}],"curies":[{"name":"wp","href":"https:\/\/api.w.org\/{rel}","templated":true}]}}