{"id":11378,"date":"2020-04-15T14:10:59","date_gmt":"2020-04-15T12:10:59","guid":{"rendered":"https:\/\/www.correggiohockey.it\/?p=11378"},"modified":"2020-04-15T14:11:00","modified_gmt":"2020-04-15T12:11:00","slug":"ci-sara-ancora-mirko-bertolucci-nel-futuro-del-correggio-hockey","status":"publish","type":"post","link":"https:\/\/www.correggiohockey.it\/?p=11378","title":{"rendered":"Ci sar\u00e0 ancora Mirko Bertolucci nel futuro del Correggio Hockey"},"content":{"rendered":"\n<p style=\"text-align: justify;\">Correggio Hockey comunica di avere rinnovato, anche per la stagione 2020-2021, il rapporto di collaborazione con Mirko Bertolucci. Il fuoriclasse viareggino, 48 anni, continuer\u00e0 a giocare nella Bidielle e a coordinare lo staff tecnico della societ\u00e0, dalla serie A1 alle giovanili. <br>La prossima stagione sar\u00e0 per Bertolucci la terza con la casacca biancorossoblu della Bidielle. Arrivato nel doppio ruolo di giocatore-allenatore nell&#8217;estate del 2018, Bertolucci ha guidato il Correggio Hockey al pronto ritorno in serie A1 nella stagione 2018-2019, dopo la retrocessione della stagione precedente. Resteranno nella storia i suoi 10 gol al Montecchio Precalcino (su 10 segnati dalla squadra) nelle due partite di finale play off che valsero la promozione. Nella stagione che sta mestamente per chiudersi, affiancato in panchina da Pablo Jara (che sar\u00e0 con lui anche la prossima stagione), Bertolucci ha guidato la Bidielle verso una salvezza che sarebbe probabilmente arrivata al termine della regular season e senza passare per i play out se il coronavirus non avesse interrotto la splendida impresa sportiva che la squadra stava compiendo: risalire dall&#8217;ultimo posto al termine del girone di andata fino al decimo gradino della classifica nel momento del lockdown.<br>La prossima stagione si annuncia ancora pi\u00f9 difficile. L&#8217;hockey su pista, cos\u00ec come tutti gli altri sport, naviga a vista e non ha ancora definito il perimetro della prossima stagione. Domani, gioved\u00ec 16 aprile, il Consiglio Federale dovrebbe prendere le prime decisioni ufficiali in merito. Il Correggio Hockey si muove, come d&#8217;abitudine, facendo passi commisurati alle proprie reali possibilit\u00e0, usando tutta la cautela necessaria in questa fase di grande incertezza.<\/p>\n<p style=\"text-align: justify;\">&#8220;Contento di continuare il progetto a Correggio -dice Mirko Bertolucci- Con la societ\u00e0 abbiamo trovato accordo con facilit\u00e0 perche gli intenti restano comuni e la strada da percorrere la condividiamo in toto. Ci sar\u00e0 da ridimensionare, lo so; ma non mi spavento. Correggio ha investito molto sui propri giovani negli ultimi due anni e non avremo problemi ad inserirli nel gruppo della Serie A1. In questa situazione di crisi ho deciso continuare questo percorso all&#8217;interno del Correggio Hockey, societ\u00e0 che negli ultimi 2 anni mi ha dato molto. L&#8217;obiettivo sar\u00e0 la salvezza, ma resta importante la crescita dei giovani mirata alla continuit\u00e0. Sono contento e spero di ricominciare prima possibile.&#8221;<\/p>\n<p style=\"text-align: justify;\">&#8220;In questo momento particolare, lo sport deve riorganizzarsi per potere in qualche modo ripartire -dice il presidente del Correggio Hockey Marco Ferretti- &#8220;In questa fase occorre la massima prudenza, ma restare fermi e piangersi addosso non serve a nulla. Noi vogliamo essere pronti quando ci verr\u00e0 consentito di ripartire, fosse anche in piena estate. Lo dobbiamo ai nostri ragazzi e alle loro famiglie con cui siamo rimasti in contatto anche in queste settimane. Per questo ripartiamo da Mirko Bertolucci: perch\u00e8 nel percorso formativo del nostro settore giovanile \u00e8, in questo momento, un elemento imprescindibile per le sue doti tecniche ed umane e per la sua capacit\u00e0 non comune di motivare tutti quelli che gli stanno intorno, a partire dai giovani e giovanissimi&#8221;.<br>Il presidente correggese parla anche della prima squadra: &#8220;Ci aspetta una stagione ancora pi\u00f9 difficile di quella appena passata perch\u00e8 l&#8217;incertezza economica impone una particolare attenzione al bilancio. Voglio spendere una parola di ringraziamento nei confronti di Mirko e di tutti i ragazzi con cui abbiamo intavolato le trattative per il senso di responsabilit\u00e0 che stanno manifestando in questa fase inedita e per l&#8217;attaccamento ai nostri colori che stanno dimostrando in questi giorni. La Bidielle si iscriver\u00e0 regolarmente al campionato di serie A1 con l&#8217;obiettivo di restarci. Bertolucci \u00e8 il primo tassello e nei prossimi giorni definiremo l&#8217;ossatura della squadra, partendo prima di tutto dalle conferme dei protagonisti della passata stagione&#8221;.<\/p>\n","protected":false},"excerpt":{"rendered":"<p>Correggio Hockey comunica di avere rinnovato, anche per la stagione 2020-2021, il rapporto di collaborazione con Mirko Bertolucci. Il fuoriclasse viareggino, 48 anni, continuer\u00e0 a giocare nella Bidielle e a coordinare lo staff tecnico della societ\u00e0, dalla serie A1 alle giovanili. La prossima stagione sar\u00e0 per Bertolucci la terza con la casacca biancorossoblu della Bidielle. [&hellip;]<\/p>\n","protected":false},"author":1,"featured_media":11379,"comment_status":"open","ping_status":"open","sticky":false,"template":"","format":"standard","meta":{"ngg_post_thumbnail":0,"footnotes":""},"categories":[34],"tags":[],"class_list":["post-11378","post","type-post","status-publish","format-standard","has-post-thumbnail","hentry","category-news"],"yoast_head":"<!-- This site is optimized with the Yoast SEO plugin v25.7 - https:\/\/yoast.com\/wordpress\/plugins\/seo\/ -->\n<title>Ci sar\u00e0 ancora Mirko Bertolucci nel futuro del Correggio Hockey - Correggio Hockey A.S.D.<\/title>\n<meta name=\"robots\" content=\"index, follow, max-snippet:-1, max-image-preview:large, max-video-preview:-1\" \/>\n<link rel=\"canonical\" href=\"https:\/\/www.correggiohockey.it\/?p=11378\" \/>\n<meta property=\"og:locale\" content=\"it_IT\" \/>\n<meta property=\"og:type\" content=\"article\" \/>\n<meta property=\"og:title\" content=\"Ci sar\u00e0 ancora Mirko Bertolucci nel futuro del Correggio Hockey - Correggio Hockey A.S.D.\" \/>\n<meta property=\"og:description\" content=\"Correggio Hockey comunica di avere rinnovato, anche per la stagione 2020-2021, il rapporto di collaborazione con Mirko Bertolucci. Il fuoriclasse viareggino, 48 anni, continuer\u00e0 a giocare nella Bidielle e a coordinare lo staff tecnico della societ\u00e0, dalla serie A1 alle giovanili. La prossima stagione sar\u00e0 per Bertolucci la terza con la casacca biancorossoblu della Bidielle. [&hellip;]\" \/>\n<meta property=\"og:url\" content=\"https:\/\/www.correggiohockey.it\/?p=11378\" \/>\n<meta property=\"og:site_name\" content=\"Correggio Hockey A.S.D.\" \/>\n<meta property=\"article:published_time\" content=\"2020-04-15T12:10:59+00:00\" \/>\n<meta property=\"article:modified_time\" content=\"2020-04-15T12:11:00+00:00\" \/>\n<meta property=\"og:image\" content=\"https:\/\/www.correggiohockey.it\/wp-content\/uploads\/2020\/04\/20-02-02-Correggio-Valdagno15.jpeg\" \/>\n\t<meta property=\"og:image:width\" content=\"1759\" \/>\n\t<meta property=\"og:image:height\" content=\"941\" \/>\n\t<meta property=\"og:image:type\" content=\"image\/jpeg\" \/>\n<meta name=\"author\" content=\"Redazione\" \/>\n<meta name=\"twitter:card\" content=\"summary_large_image\" \/>\n<meta name=\"twitter:label1\" content=\"Scritto da\" \/>\n\t<meta name=\"twitter:data1\" content=\"Redazione\" \/>\n\t<meta name=\"twitter:label2\" content=\"Tempo di lettura stimato\" \/>\n\t<meta name=\"twitter:data2\" content=\"3 minuti\" \/>\n<script type=\"application\/ld+json\" class=\"yoast-schema-graph\">{\"@context\":\"https:\/\/schema.org\",\"@graph\":[{\"@type\":\"WebPage\",\"@id\":\"https:\/\/www.correggiohockey.it\/?p=11378\",\"url\":\"https:\/\/www.correggiohockey.it\/?p=11378\",\"name\":\"Ci sar\u00e0 ancora Mirko Bertolucci nel futuro del Correggio Hockey - Correggio Hockey A.S.D.\",\"isPartOf\":{\"@id\":\"https:\/\/www.correggiohockey.it\/#website\"},\"primaryImageOfPage\":{\"@id\":\"https:\/\/www.correggiohockey.it\/?p=11378#primaryimage\"},\"image\":{\"@id\":\"https:\/\/www.correggiohockey.it\/?p=11378#primaryimage\"},\"thumbnailUrl\":\"https:\/\/www.correggiohockey.it\/wp-content\/uploads\/2020\/04\/20-02-02-Correggio-Valdagno15.jpeg\",\"datePublished\":\"2020-04-15T12:10:59+00:00\",\"dateModified\":\"2020-04-15T12:11:00+00:00\",\"author\":{\"@id\":\"https:\/\/www.correggiohockey.it\/#\/schema\/person\/a61f8605569e91b5a5214a71447a381c\"},\"breadcrumb\":{\"@id\":\"https:\/\/www.correggiohockey.it\/?p=11378#breadcrumb\"},\"inLanguage\":\"it-IT\",\"potentialAction\":[{\"@type\":\"ReadAction\",\"target\":[\"https:\/\/www.correggiohockey.it\/?p=11378\"]}]},{\"@type\":\"ImageObject\",\"inLanguage\":\"it-IT\",\"@id\":\"https:\/\/www.correggiohockey.it\/?p=11378#primaryimage\",\"url\":\"https:\/\/www.correggiohockey.it\/wp-content\/uploads\/2020\/04\/20-02-02-Correggio-Valdagno15.jpeg\",\"contentUrl\":\"https:\/\/www.correggiohockey.it\/wp-content\/uploads\/2020\/04\/20-02-02-Correggio-Valdagno15.jpeg\",\"width\":1759,\"height\":941},{\"@type\":\"BreadcrumbList\",\"@id\":\"https:\/\/www.correggiohockey.it\/?p=11378#breadcrumb\",\"itemListElement\":[{\"@type\":\"ListItem\",\"position\":1,\"name\":\"Home\",\"item\":\"https:\/\/www.correggiohockey.it\/\"},{\"@type\":\"ListItem\",\"position\":2,\"name\":\"Ci sar\u00e0 ancora Mirko Bertolucci nel futuro del Correggio Hockey\"}]},{\"@type\":\"WebSite\",\"@id\":\"https:\/\/www.correggiohockey.it\/#website\",\"url\":\"https:\/\/www.correggiohockey.it\/\",\"name\":\"Correggio Hockey A.S.D.\",\"description\":\"Orgoglio emiliano, in pista dal 1997\",\"potentialAction\":[{\"@type\":\"SearchAction\",\"target\":{\"@type\":\"EntryPoint\",\"urlTemplate\":\"https:\/\/www.correggiohockey.it\/?s={search_term_string}\"},\"query-input\":{\"@type\":\"PropertyValueSpecification\",\"valueRequired\":true,\"valueName\":\"search_term_string\"}}],\"inLanguage\":\"it-IT\"},{\"@type\":\"Person\",\"@id\":\"https:\/\/www.correggiohockey.it\/#\/schema\/person\/a61f8605569e91b5a5214a71447a381c\",\"name\":\"Redazione\",\"image\":{\"@type\":\"ImageObject\",\"inLanguage\":\"it-IT\",\"@id\":\"https:\/\/www.correggiohockey.it\/#\/schema\/person\/image\/\",\"url\":\"https:\/\/secure.gravatar.com\/avatar\/3b006105bc2195f91ca1b7cbc4c2f96835141f5fa92720ece501fb7f052ed868?s=96&d=mm&r=g\",\"contentUrl\":\"https:\/\/secure.gravatar.com\/avatar\/3b006105bc2195f91ca1b7cbc4c2f96835141f5fa92720ece501fb7f052ed868?s=96&d=mm&r=g\",\"caption\":\"Redazione\"},\"url\":\"https:\/\/www.correggiohockey.it\/?author=1\"}]}<\/script>\n<!-- \/ Yoast SEO plugin. -->","yoast_head_json":{"title":"Ci sar\u00e0 ancora Mirko Bertolucci nel futuro del Correggio Hockey - Correggio Hockey A.S.D.","robots":{"index":"index","follow":"follow","max-snippet":"max-snippet:-1","max-image-preview":"max-image-preview:large","max-video-preview":"max-video-preview:-1"},"canonical":"https:\/\/www.correggiohockey.it\/?p=11378","og_locale":"it_IT","og_type":"article","og_title":"Ci sar\u00e0 ancora Mirko Bertolucci nel futuro del Correggio Hockey - Correggio Hockey A.S.D.","og_description":"Correggio Hockey comunica di avere rinnovato, anche per la stagione 2020-2021, il rapporto di collaborazione con Mirko Bertolucci. Il fuoriclasse viareggino, 48 anni, continuer\u00e0 a giocare nella Bidielle e a coordinare lo staff tecnico della societ\u00e0, dalla serie A1 alle giovanili. La prossima stagione sar\u00e0 per Bertolucci la terza con la casacca biancorossoblu della Bidielle. [&hellip;]","og_url":"https:\/\/www.correggiohockey.it\/?p=11378","og_site_name":"Correggio Hockey A.S.D.","article_published_time":"2020-04-15T12:10:59+00:00","article_modified_time":"2020-04-15T12:11:00+00:00","og_image":[{"width":1759,"height":941,"url":"https:\/\/www.correggiohockey.it\/wp-content\/uploads\/2020\/04\/20-02-02-Correggio-Valdagno15.jpeg","type":"image\/jpeg"}],"author":"Redazione","twitter_card":"summary_large_image","twitter_misc":{"Scritto da":"Redazione","Tempo di lettura stimato":"3 minuti"},"schema":{"@context":"https:\/\/schema.org","@graph":[{"@type":"WebPage","@id":"https:\/\/www.correggiohockey.it\/?p=11378","url":"https:\/\/www.correggiohockey.it\/?p=11378","name":"Ci sar\u00e0 ancora Mirko Bertolucci nel futuro del Correggio Hockey - Correggio Hockey A.S.D.","isPartOf":{"@id":"https:\/\/www.correggiohockey.it\/#website"},"primaryImageOfPage":{"@id":"https:\/\/www.correggiohockey.it\/?p=11378#primaryimage"},"image":{"@id":"https:\/\/www.correggiohockey.it\/?p=11378#primaryimage"},"thumbnailUrl":"https:\/\/www.correggiohockey.it\/wp-content\/uploads\/2020\/04\/20-02-02-Correggio-Valdagno15.jpeg","datePublished":"2020-04-15T12:10:59+00:00","dateModified":"2020-04-15T12:11:00+00:00","author":{"@id":"https:\/\/www.correggiohockey.it\/#\/schema\/person\/a61f8605569e91b5a5214a71447a381c"},"breadcrumb":{"@id":"https:\/\/www.correggiohockey.it\/?p=11378#breadcrumb"},"inLanguage":"it-IT","potentialAction":[{"@type":"ReadAction","target":["https:\/\/www.correggiohockey.it\/?p=11378"]}]},{"@type":"ImageObject","inLanguage":"it-IT","@id":"https:\/\/www.correggiohockey.it\/?p=11378#primaryimage","url":"https:\/\/www.correggiohockey.it\/wp-content\/uploads\/2020\/04\/20-02-02-Correggio-Valdagno15.jpeg","contentUrl":"https:\/\/www.correggiohockey.it\/wp-content\/uploads\/2020\/04\/20-02-02-Correggio-Valdagno15.jpeg","width":1759,"height":941},{"@type":"BreadcrumbList","@id":"https:\/\/www.correggiohockey.it\/?p=11378#breadcrumb","itemListElement":[{"@type":"ListItem","position":1,"name":"Home","item":"https:\/\/www.correggiohockey.it\/"},{"@type":"ListItem","position":2,"name":"Ci sar\u00e0 ancora Mirko Bertolucci nel futuro del Correggio Hockey"}]},{"@type":"WebSite","@id":"https:\/\/www.correggiohockey.it\/#website","url":"https:\/\/www.correggiohockey.it\/","name":"Correggio Hockey A.S.D.","description":"Orgoglio emiliano, in pista dal 1997","potentialAction":[{"@type":"SearchAction","target":{"@type":"EntryPoint","urlTemplate":"https:\/\/www.correggiohockey.it\/?s={search_term_string}"},"query-input":{"@type":"PropertyValueSpecification","valueRequired":true,"valueName":"search_term_string"}}],"inLanguage":"it-IT"},{"@type":"Person","@id":"https:\/\/www.correggiohockey.it\/#\/schema\/person\/a61f8605569e91b5a5214a71447a381c","name":"Redazione","image":{"@type":"ImageObject","inLanguage":"it-IT","@id":"https:\/\/www.correggiohockey.it\/#\/schema\/person\/image\/","url":"https:\/\/secure.gravatar.com\/avatar\/3b006105bc2195f91ca1b7cbc4c2f96835141f5fa92720ece501fb7f052ed868?s=96&d=mm&r=g","contentUrl":"https:\/\/secure.gravatar.com\/avatar\/3b006105bc2195f91ca1b7cbc4c2f96835141f5fa92720ece501fb7f052ed868?s=96&d=mm&r=g","caption":"Redazione"},"url":"https:\/\/www.correggiohockey.it\/?author=1"}]}},"_links":{"self":[{"href":"https:\/\/www.correggiohockey.it\/index.php?rest_route=\/wp\/v2\/posts\/11378","targetHints":{"allow":["GET"]}}],"collection":[{"href":"https:\/\/www.correggiohockey.it\/index.php?rest_route=\/wp\/v2\/posts"}],"about":[{"href":"https:\/\/www.correggiohockey.it\/index.php?rest_route=\/wp\/v2\/types\/post"}],"author":[{"embeddable":true,"href":"https:\/\/www.correggiohockey.it\/index.php?rest_route=\/wp\/v2\/users\/1"}],"replies":[{"embeddable":true,"href":"https:\/\/www.correggiohockey.it\/index.php?rest_route=%2Fwp%2Fv2%2Fcomments&post=11378"}],"version-history":[{"count":1,"href":"https:\/\/www.correggiohockey.it\/index.php?rest_route=\/wp\/v2\/posts\/11378\/revisions"}],"predecessor-version":[{"id":11380,"href":"https:\/\/www.correggiohockey.it\/index.php?rest_route=\/wp\/v2\/posts\/11378\/revisions\/11380"}],"wp:featuredmedia":[{"embeddable":true,"href":"https:\/\/www.correggiohockey.it\/index.php?rest_route=\/wp\/v2\/media\/11379"}],"wp:attachment":[{"href":"https:\/\/www.correggiohockey.it\/index.php?rest_route=%2Fwp%2Fv2%2Fmedia&parent=11378"}],"wp:term":[{"taxonomy":"category","embeddable":true,"href":"https:\/\/www.correggiohockey.it\/index.php?rest_route=%2Fwp%2Fv2%2Fcategories&post=11378"},{"taxonomy":"post_tag","embeddable":true,"href":"https:\/\/www.correggiohockey.it\/index.php?rest_route=%2Fwp%2Fv2%2Ftags&post=11378"}],"curies":[{"name":"wp","href":"https:\/\/api.w.org\/{rel}","templated":true}]}}