{"id":11368,"date":"2020-02-26T12:53:35","date_gmt":"2020-02-26T11:53:35","guid":{"rendered":"https:\/\/www.correggiohockey.it\/?p=11368"},"modified":"2020-02-26T12:53:36","modified_gmt":"2020-02-26T11:53:36","slug":"la-bidielle-ha-ripreso-gli-allenamenti-ma-il-campionato-e-ancora-un-rebus","status":"publish","type":"post","link":"https:\/\/www.correggiohockey.it\/?p=11368","title":{"rendered":"La Bidielle ha ripreso gli allenamenti, ma il campionato \u00e8 ancora un rebus"},"content":{"rendered":"\n<p style=\"text-align: justify;\">La Bidielle ha fatto giusto in tempo a giocare la partita con il Trissino prima che anche il Palasport &#8220;Dorando Pietri&#8221; di Correggio finisse sotto la scure dell&#8217;ordinanza regionale che ha chiuso tutti gli impianti sportivi delle regioni interessate dalla epidemia di Coronavirus. Luned\u00ec l&#8217;impianto \u00e8 rimasto desolatamente vuoto: niente scuole al mattino, niente hockey al pomeriggio. <br>Nel frattempo, Correggio Hockey si \u00e8 mosso per poter riprendere almeno gli allenamenti della squadra di Serie A1; anche se nel prossimo week end la Bidielle non avr\u00e0 impegni ufficiali (il campionato sarebbe comunque rimasto fermo per disputare la Final Eight di Coppa Italia, poi rinviata dalla Federazione), proseguire la preparazione in vista dell&#8217;ultimo e decisivo mese della stagione \u00e8 fondamentale per Bertolucci e compagni. Le modifiche all&#8217;ordinanza regionale e la disponibilit\u00e0 dell&#8217;Amministrazione Comunale di Correggio hanno reso possibile riaprire le porte del palasport alla sola squadra di serie A1 che ieri ha ripreso a sudare e che si allener\u00e0 regolarmente nel corso della settimana.<br>Il club del presidente Marco Ferretti conta di riportare in pista a partire da luned\u00ec anche le due squadre di serie B, mentre per quanto riguarda l&#8217;attivit\u00e0 giovanile, Correggio Hockey si atterr\u00e0 a quanto disporr\u00e0 l&#8217;Amministrazione Comunale, anche in accordo con le altre societ\u00e0 sportive correggesi.<br>Non \u00e8 ancora chiaro quando riprender\u00e0 l&#8217;attivit\u00e0 agonistica. Al momento, FISR ha disposto il rinvio di tutte le partite fino a domenica 1 marzo compresa, per cui il primo impegno potrebbe essere quello di sabato 7 marzo sulla pista di Monza. Nello stesso week end potrebbe riprendere anche il campionato di serie B. In entrambi i casi, le autorit\u00e0 competenti potrebbero disporre la disputa delle partite a porte chiuse, cio\u00e8 senza la presenza di pubblico. Per quanto riguarda l&#8217;attivit\u00e0 agonistica giovanile, al momento \u00e8 molto difficile prefigurare una data per la ripresa dei campionati regionali.<\/p>\n","protected":false},"excerpt":{"rendered":"<p>La Bidielle ha fatto giusto in tempo a giocare la partita con il Trissino prima che anche il Palasport &#8220;Dorando Pietri&#8221; di Correggio finisse sotto la scure dell&#8217;ordinanza regionale che ha chiuso tutti gli impianti sportivi delle regioni interessate dalla epidemia di Coronavirus. Luned\u00ec l&#8217;impianto \u00e8 rimasto desolatamente vuoto: niente scuole al mattino, niente hockey [&hellip;]<\/p>\n","protected":false},"author":1,"featured_media":11369,"comment_status":"open","ping_status":"open","sticky":false,"template":"","format":"standard","meta":{"ngg_post_thumbnail":0,"footnotes":""},"categories":[34],"tags":[],"class_list":["post-11368","post","type-post","status-publish","format-standard","has-post-thumbnail","hentry","category-news"],"yoast_head":"<!-- This site is optimized with the Yoast SEO plugin v25.7 - https:\/\/yoast.com\/wordpress\/plugins\/seo\/ -->\n<title>La Bidielle ha ripreso gli allenamenti, ma il campionato \u00e8 ancora un rebus - Correggio Hockey A.S.D.<\/title>\n<meta name=\"robots\" content=\"index, follow, max-snippet:-1, max-image-preview:large, max-video-preview:-1\" \/>\n<link rel=\"canonical\" href=\"https:\/\/www.correggiohockey.it\/?p=11368\" \/>\n<meta property=\"og:locale\" content=\"it_IT\" \/>\n<meta property=\"og:type\" content=\"article\" \/>\n<meta property=\"og:title\" content=\"La Bidielle ha ripreso gli allenamenti, ma il campionato \u00e8 ancora un rebus - Correggio Hockey A.S.D.\" \/>\n<meta property=\"og:description\" content=\"La Bidielle ha fatto giusto in tempo a giocare la partita con il Trissino prima che anche il Palasport &#8220;Dorando Pietri&#8221; di Correggio finisse sotto la scure dell&#8217;ordinanza regionale che ha chiuso tutti gli impianti sportivi delle regioni interessate dalla epidemia di Coronavirus. Luned\u00ec l&#8217;impianto \u00e8 rimasto desolatamente vuoto: niente scuole al mattino, niente hockey [&hellip;]\" \/>\n<meta property=\"og:url\" content=\"https:\/\/www.correggiohockey.it\/?p=11368\" \/>\n<meta property=\"og:site_name\" content=\"Correggio Hockey A.S.D.\" \/>\n<meta property=\"article:published_time\" content=\"2020-02-26T11:53:35+00:00\" \/>\n<meta property=\"article:modified_time\" content=\"2020-02-26T11:53:36+00:00\" \/>\n<meta property=\"og:image\" content=\"https:\/\/www.correggiohockey.it\/wp-content\/uploads\/2020\/02\/copertina-1024x651.jpg\" \/>\n\t<meta property=\"og:image:width\" content=\"1024\" \/>\n\t<meta property=\"og:image:height\" content=\"651\" \/>\n\t<meta property=\"og:image:type\" content=\"image\/jpeg\" \/>\n<meta name=\"author\" content=\"Redazione\" \/>\n<meta name=\"twitter:card\" content=\"summary_large_image\" \/>\n<meta name=\"twitter:label1\" content=\"Scritto da\" \/>\n\t<meta name=\"twitter:data1\" content=\"Redazione\" \/>\n\t<meta name=\"twitter:label2\" content=\"Tempo di lettura stimato\" \/>\n\t<meta name=\"twitter:data2\" content=\"1 minuto\" \/>\n<script type=\"application\/ld+json\" class=\"yoast-schema-graph\">{\"@context\":\"https:\/\/schema.org\",\"@graph\":[{\"@type\":\"WebPage\",\"@id\":\"https:\/\/www.correggiohockey.it\/?p=11368\",\"url\":\"https:\/\/www.correggiohockey.it\/?p=11368\",\"name\":\"La Bidielle ha ripreso gli allenamenti, ma il campionato \u00e8 ancora un rebus - Correggio Hockey A.S.D.\",\"isPartOf\":{\"@id\":\"https:\/\/www.correggiohockey.it\/#website\"},\"primaryImageOfPage\":{\"@id\":\"https:\/\/www.correggiohockey.it\/?p=11368#primaryimage\"},\"image\":{\"@id\":\"https:\/\/www.correggiohockey.it\/?p=11368#primaryimage\"},\"thumbnailUrl\":\"https:\/\/www.correggiohockey.it\/wp-content\/uploads\/2020\/02\/copertina.jpg\",\"datePublished\":\"2020-02-26T11:53:35+00:00\",\"dateModified\":\"2020-02-26T11:53:36+00:00\",\"author\":{\"@id\":\"https:\/\/www.correggiohockey.it\/#\/schema\/person\/a61f8605569e91b5a5214a71447a381c\"},\"breadcrumb\":{\"@id\":\"https:\/\/www.correggiohockey.it\/?p=11368#breadcrumb\"},\"inLanguage\":\"it-IT\",\"potentialAction\":[{\"@type\":\"ReadAction\",\"target\":[\"https:\/\/www.correggiohockey.it\/?p=11368\"]}]},{\"@type\":\"ImageObject\",\"inLanguage\":\"it-IT\",\"@id\":\"https:\/\/www.correggiohockey.it\/?p=11368#primaryimage\",\"url\":\"https:\/\/www.correggiohockey.it\/wp-content\/uploads\/2020\/02\/copertina.jpg\",\"contentUrl\":\"https:\/\/www.correggiohockey.it\/wp-content\/uploads\/2020\/02\/copertina.jpg\",\"width\":2342,\"height\":1489},{\"@type\":\"BreadcrumbList\",\"@id\":\"https:\/\/www.correggiohockey.it\/?p=11368#breadcrumb\",\"itemListElement\":[{\"@type\":\"ListItem\",\"position\":1,\"name\":\"Home\",\"item\":\"https:\/\/www.correggiohockey.it\/\"},{\"@type\":\"ListItem\",\"position\":2,\"name\":\"La Bidielle ha ripreso gli allenamenti, ma il campionato \u00e8 ancora un rebus\"}]},{\"@type\":\"WebSite\",\"@id\":\"https:\/\/www.correggiohockey.it\/#website\",\"url\":\"https:\/\/www.correggiohockey.it\/\",\"name\":\"Correggio Hockey A.S.D.\",\"description\":\"Orgoglio emiliano, in pista dal 1997\",\"potentialAction\":[{\"@type\":\"SearchAction\",\"target\":{\"@type\":\"EntryPoint\",\"urlTemplate\":\"https:\/\/www.correggiohockey.it\/?s={search_term_string}\"},\"query-input\":{\"@type\":\"PropertyValueSpecification\",\"valueRequired\":true,\"valueName\":\"search_term_string\"}}],\"inLanguage\":\"it-IT\"},{\"@type\":\"Person\",\"@id\":\"https:\/\/www.correggiohockey.it\/#\/schema\/person\/a61f8605569e91b5a5214a71447a381c\",\"name\":\"Redazione\",\"image\":{\"@type\":\"ImageObject\",\"inLanguage\":\"it-IT\",\"@id\":\"https:\/\/www.correggiohockey.it\/#\/schema\/person\/image\/\",\"url\":\"https:\/\/secure.gravatar.com\/avatar\/3b006105bc2195f91ca1b7cbc4c2f96835141f5fa92720ece501fb7f052ed868?s=96&d=mm&r=g\",\"contentUrl\":\"https:\/\/secure.gravatar.com\/avatar\/3b006105bc2195f91ca1b7cbc4c2f96835141f5fa92720ece501fb7f052ed868?s=96&d=mm&r=g\",\"caption\":\"Redazione\"},\"url\":\"https:\/\/www.correggiohockey.it\/?author=1\"}]}<\/script>\n<!-- \/ Yoast SEO plugin. -->","yoast_head_json":{"title":"La Bidielle ha ripreso gli allenamenti, ma il campionato \u00e8 ancora un rebus - Correggio Hockey A.S.D.","robots":{"index":"index","follow":"follow","max-snippet":"max-snippet:-1","max-image-preview":"max-image-preview:large","max-video-preview":"max-video-preview:-1"},"canonical":"https:\/\/www.correggiohockey.it\/?p=11368","og_locale":"it_IT","og_type":"article","og_title":"La Bidielle ha ripreso gli allenamenti, ma il campionato \u00e8 ancora un rebus - Correggio Hockey A.S.D.","og_description":"La Bidielle ha fatto giusto in tempo a giocare la partita con il Trissino prima che anche il Palasport &#8220;Dorando Pietri&#8221; di Correggio finisse sotto la scure dell&#8217;ordinanza regionale che ha chiuso tutti gli impianti sportivi delle regioni interessate dalla epidemia di Coronavirus. Luned\u00ec l&#8217;impianto \u00e8 rimasto desolatamente vuoto: niente scuole al mattino, niente hockey [&hellip;]","og_url":"https:\/\/www.correggiohockey.it\/?p=11368","og_site_name":"Correggio Hockey A.S.D.","article_published_time":"2020-02-26T11:53:35+00:00","article_modified_time":"2020-02-26T11:53:36+00:00","og_image":[{"width":1024,"height":651,"url":"https:\/\/www.correggiohockey.it\/wp-content\/uploads\/2020\/02\/copertina-1024x651.jpg","type":"image\/jpeg"}],"author":"Redazione","twitter_card":"summary_large_image","twitter_misc":{"Scritto da":"Redazione","Tempo di lettura stimato":"1 minuto"},"schema":{"@context":"https:\/\/schema.org","@graph":[{"@type":"WebPage","@id":"https:\/\/www.correggiohockey.it\/?p=11368","url":"https:\/\/www.correggiohockey.it\/?p=11368","name":"La Bidielle ha ripreso gli allenamenti, ma il campionato \u00e8 ancora un rebus - Correggio Hockey A.S.D.","isPartOf":{"@id":"https:\/\/www.correggiohockey.it\/#website"},"primaryImageOfPage":{"@id":"https:\/\/www.correggiohockey.it\/?p=11368#primaryimage"},"image":{"@id":"https:\/\/www.correggiohockey.it\/?p=11368#primaryimage"},"thumbnailUrl":"https:\/\/www.correggiohockey.it\/wp-content\/uploads\/2020\/02\/copertina.jpg","datePublished":"2020-02-26T11:53:35+00:00","dateModified":"2020-02-26T11:53:36+00:00","author":{"@id":"https:\/\/www.correggiohockey.it\/#\/schema\/person\/a61f8605569e91b5a5214a71447a381c"},"breadcrumb":{"@id":"https:\/\/www.correggiohockey.it\/?p=11368#breadcrumb"},"inLanguage":"it-IT","potentialAction":[{"@type":"ReadAction","target":["https:\/\/www.correggiohockey.it\/?p=11368"]}]},{"@type":"ImageObject","inLanguage":"it-IT","@id":"https:\/\/www.correggiohockey.it\/?p=11368#primaryimage","url":"https:\/\/www.correggiohockey.it\/wp-content\/uploads\/2020\/02\/copertina.jpg","contentUrl":"https:\/\/www.correggiohockey.it\/wp-content\/uploads\/2020\/02\/copertina.jpg","width":2342,"height":1489},{"@type":"BreadcrumbList","@id":"https:\/\/www.correggiohockey.it\/?p=11368#breadcrumb","itemListElement":[{"@type":"ListItem","position":1,"name":"Home","item":"https:\/\/www.correggiohockey.it\/"},{"@type":"ListItem","position":2,"name":"La Bidielle ha ripreso gli allenamenti, ma il campionato \u00e8 ancora un rebus"}]},{"@type":"WebSite","@id":"https:\/\/www.correggiohockey.it\/#website","url":"https:\/\/www.correggiohockey.it\/","name":"Correggio Hockey A.S.D.","description":"Orgoglio emiliano, in pista dal 1997","potentialAction":[{"@type":"SearchAction","target":{"@type":"EntryPoint","urlTemplate":"https:\/\/www.correggiohockey.it\/?s={search_term_string}"},"query-input":{"@type":"PropertyValueSpecification","valueRequired":true,"valueName":"search_term_string"}}],"inLanguage":"it-IT"},{"@type":"Person","@id":"https:\/\/www.correggiohockey.it\/#\/schema\/person\/a61f8605569e91b5a5214a71447a381c","name":"Redazione","image":{"@type":"ImageObject","inLanguage":"it-IT","@id":"https:\/\/www.correggiohockey.it\/#\/schema\/person\/image\/","url":"https:\/\/secure.gravatar.com\/avatar\/3b006105bc2195f91ca1b7cbc4c2f96835141f5fa92720ece501fb7f052ed868?s=96&d=mm&r=g","contentUrl":"https:\/\/secure.gravatar.com\/avatar\/3b006105bc2195f91ca1b7cbc4c2f96835141f5fa92720ece501fb7f052ed868?s=96&d=mm&r=g","caption":"Redazione"},"url":"https:\/\/www.correggiohockey.it\/?author=1"}]}},"_links":{"self":[{"href":"https:\/\/www.correggiohockey.it\/index.php?rest_route=\/wp\/v2\/posts\/11368","targetHints":{"allow":["GET"]}}],"collection":[{"href":"https:\/\/www.correggiohockey.it\/index.php?rest_route=\/wp\/v2\/posts"}],"about":[{"href":"https:\/\/www.correggiohockey.it\/index.php?rest_route=\/wp\/v2\/types\/post"}],"author":[{"embeddable":true,"href":"https:\/\/www.correggiohockey.it\/index.php?rest_route=\/wp\/v2\/users\/1"}],"replies":[{"embeddable":true,"href":"https:\/\/www.correggiohockey.it\/index.php?rest_route=%2Fwp%2Fv2%2Fcomments&post=11368"}],"version-history":[{"count":1,"href":"https:\/\/www.correggiohockey.it\/index.php?rest_route=\/wp\/v2\/posts\/11368\/revisions"}],"predecessor-version":[{"id":11370,"href":"https:\/\/www.correggiohockey.it\/index.php?rest_route=\/wp\/v2\/posts\/11368\/revisions\/11370"}],"wp:featuredmedia":[{"embeddable":true,"href":"https:\/\/www.correggiohockey.it\/index.php?rest_route=\/wp\/v2\/media\/11369"}],"wp:attachment":[{"href":"https:\/\/www.correggiohockey.it\/index.php?rest_route=%2Fwp%2Fv2%2Fmedia&parent=11368"}],"wp:term":[{"taxonomy":"category","embeddable":true,"href":"https:\/\/www.correggiohockey.it\/index.php?rest_route=%2Fwp%2Fv2%2Fcategories&post=11368"},{"taxonomy":"post_tag","embeddable":true,"href":"https:\/\/www.correggiohockey.it\/index.php?rest_route=%2Fwp%2Fv2%2Ftags&post=11368"}],"curies":[{"name":"wp","href":"https:\/\/api.w.org\/{rel}","templated":true}]}}